{"id":309428,"date":"2024-10-01T11:06:35","date_gmt":"2024-10-01T08:06:35","guid":{"rendered":"https:\/\/sana.sy\/tr\/?p=309428"},"modified":"2024-10-01T11:06:35","modified_gmt":"2024-10-01T08:06:35","slug":"lubnan-direnisi-metulla-ve-avimim-yerlesimlerindeki-dusman-israili-hedef-alarak-dogrudan-isabetler-sagladi","status":"publish","type":"post","link":"https:\/\/archive.sana.sy\/tr\/?p=309428","title":{"rendered":"L\u00fcbnan Direni\u015fi &#8220;Metulla Ve Avimim&#8221; Yerle\u015fimlerindeki D\u00fc\u015fman \u0130srail&#8217;i Hedef Alarak, Do\u011frudan \u0130sabetler Sa\u011flad\u0131"},"content":{"rendered":"<p style=\"text-align: justify;\"><strong>BEYRUT (SANA) \u2013<\/strong> L\u00fcbnan Ulusal Direni\u015fi bu sabah \u201cMetulla ve Avimim\u201d yerle\u015fim yerlerindeki d\u00fc\u015fman \u0130srail&#8217;i hedef alarak, do\u011frudan isabetler sa\u011flad\u0131.<\/p>\n<p style=\"text-align: justify;\">Direni\u015f taraf\u0131ndan yap\u0131lan iki ayr\u0131 a\u00e7\u0131klamada, Gazze \u015eeridi&#8217;ndeki kararl\u0131 Filistin halk\u0131m\u0131za ve onlar\u0131n yi\u011fit direni\u015fine destek olarak, L\u00fcbnan&#8217;\u0131 ve halk\u0131n\u0131 savunmak amac\u0131yla, saat sekize \u00e7eyrek kala sava\u015f\u00e7\u0131lar\u0131m\u0131z Metulla sahas\u0131ndaki d\u00fc\u015fman askerlerinin hareketini top mermileriyle hedef alarak do\u011frudan isabetler sa\u011flad\u0131\u011f\u0131n\u0131 ve saat sekiz be\u015fte ayn\u0131 yerle\u015fim yerinde toplanan d\u00fc\u015fman askerlerini de f\u00fcze f\u0131rlat\u0131c\u0131s\u0131yla hedef ald\u0131\u011f\u0131n\u0131 a\u00e7\u0131klad\u0131.<\/p>\n<p style=\"text-align: justify;\">Direni\u015f \u00fc\u00e7\u00fcnc\u00fc a\u00e7\u0131klamas\u0131nda ise \u201cAvimim\u201d yerle\u015fim yerindeki d\u00fc\u015fman askerlerinin olu\u015fturdu\u011fu bir toplulu\u011fu top\u00e7u silahlar\u0131yla hedef ald\u0131\u011f\u0131n\u0131 ve do\u011frudan vurdu\u011funu duyurdu.<\/p>\n<p style=\"text-align: center;\"><strong><a href=\"https:\/\/t.me\/SuriyeArapHaberAjansI\">Telegram Kanal\u0131m\u0131z\u00a0<\/a>||<a href=\"https:\/\/twitter.com\/arap_ajans\">X Platformumuz\u00a0<\/a>||<a href=\"https:\/\/www.facebook.com\/SANAHaberAjansi\/\">Facebook Sayfam\u0131z<\/a><\/strong><\/p>\n","protected":false},"excerpt":{"rendered":"<p>BEYRUT (SANA) \u2013 L\u00fcbnan Ulusal Direni\u015fi bu sabah \u201cMetulla ve Avimim\u201d yerle\u015fim yerlerindeki d\u00fc\u015fman \u0130srail&#8217;i hedef alarak, do\u011frudan isabetler sa\u011flad\u0131. Direni\u015f taraf\u0131ndan yap\u0131lan iki ayr\u0131 a\u00e7\u0131klamada, Gazze \u015eeridi&#8217;ndeki kararl\u0131 Filistin halk\u0131m\u0131za ve onlar\u0131n yi\u011fit direni\u015fine destek olarak, L\u00fcbnan&#8217;\u0131 ve halk\u0131n\u0131 savunmak amac\u0131yla, saat sekize \u00e7eyrek kala sava\u015f\u00e7\u0131lar\u0131m\u0131z Metulla sahas\u0131ndaki d\u00fc\u015fman askerlerinin hareketini top mermileriyle hedef &hellip;<\/p>\n","protected":false},"author":39,"featured_media":309429,"comment_status":"closed","ping_status":"closed","sticky":false,"template":"","format":"standard","meta":{"footnotes":""},"categories":[458,589,459,17988],"tags":[],"class_list":["post-309428","post","type-post","status-publish","format-standard","has-post-thumbnail","","category-dunya1","category-haber-seridi","category-haberler-arap-uluslararasi-politika","category-son-haberler"],"_links":{"self":[{"href":"https:\/\/archive.sana.sy\/tr\/index.php?rest_route=\/wp\/v2\/posts\/309428","targetHints":{"allow":["GET"]}}],"collection":[{"href":"https:\/\/archive.sana.sy\/tr\/index.php?rest_route=\/wp\/v2\/posts"}],"about":[{"href":"https:\/\/archive.sana.sy\/tr\/index.php?rest_route=\/wp\/v2\/types\/post"}],"author":[{"embeddable":true,"href":"https:\/\/archive.sana.sy\/tr\/index.php?rest_route=\/wp\/v2\/users\/39"}],"replies":[{"embeddable":true,"href":"https:\/\/archive.sana.sy\/tr\/index.php?rest_route=%2Fwp%2Fv2%2Fcomments&post=309428"}],"version-history":[{"count":1,"href":"https:\/\/archive.sana.sy\/tr\/index.php?rest_route=\/wp\/v2\/posts\/309428\/revisions"}],"predecessor-version":[{"id":309430,"href":"https:\/\/archive.sana.sy\/tr\/index.php?rest_route=\/wp\/v2\/posts\/309428\/revisions\/309430"}],"wp:featuredmedia":[{"embeddable":true,"href":"https:\/\/archive.sana.sy\/tr\/index.php?rest_route=\/wp\/v2\/media\/309429"}],"wp:attachment":[{"href":"https:\/\/archive.sana.sy\/tr\/index.php?rest_route=%2Fwp%2Fv2%2Fmedia&parent=309428"}],"wp:term":[{"taxonomy":"category","embeddable":true,"href":"https:\/\/archive.sana.sy\/tr\/index.php?rest_route=%2Fwp%2Fv2%2Fcategories&post=309428"},{"taxonomy":"post_tag","embeddable":true,"href":"https:\/\/archive.sana.sy\/tr\/index.php?rest_route=%2Fwp%2Fv2%2Ftags&post=309428"}],"curies":[{"name":"wp","href":"https:\/\/api.w.org\/{rel}","templated":true}]}}