{"id":309431,"date":"2024-10-01T11:29:21","date_gmt":"2024-10-01T08:29:21","guid":{"rendered":"https:\/\/sana.sy\/tr\/?p=309431"},"modified":"2024-10-02T15:38:10","modified_gmt":"2024-10-02T12:38:10","slug":"disisleri-ve-gurbetciler-bakanligi-siyonist-varligin-bolge-halklarina-karsi-isledigi-bir-dizi-suc-ve-suriye-topraklarina-yonelik-defalarca-saldirganliklarinin-devaminda-bugun-safak-vakti-dusman-isra","status":"publish","type":"post","link":"https:\/\/archive.sana.sy\/tr\/?p=309431","title":{"rendered":"Suriye, \u0130srail\u2019in \u015eam\u2019a Y\u00f6nelik Menfur Sald\u0131rganl\u0131\u011f\u0131n\u0131 K\u0131nad\u0131 Ve Topraklar\u0131n\u0131 Ve Halk\u0131n\u0131 Her Ne \u015eekilde Olursa Olsun Savunma Me\u015fru Hakk\u0131n\u0131 Yineledi"},"content":{"rendered":"<p style=\"text-align: justify;\"><strong>\u015eAM (SANA) \u2013<\/strong> Suriye, \u0130srail\u2019in bug\u00fcn \u015fafak vakti \u015eam\u2019\u0131n \u00e7e\u015fitli noktalar\u0131n\u0131 hedef alan, 3 sivilin \u015fehit d\u00fc\u015fmesine, 9 ki\u015finin yaralanmas\u0131na ve \u00f6zel m\u00fclkte ciddi hasara yol a\u00e7an vah\u015fi sald\u0131rganl\u0131\u011f\u0131n\u0131 k\u0131nad\u0131.<\/p>\n<p style=\"text-align: justify;\">D\u0131\u015fi\u015fleri ve Gurbet\u00e7iler Bakanl\u0131\u011f\u0131, Siyonist varl\u0131\u011f\u0131n b\u00f6lge halklar\u0131na kar\u015f\u0131 i\u015fledi\u011fi bir dizi su\u00e7 ve Suriye topraklar\u0131na y\u00f6nelik defalarca sald\u0131rganl\u0131klar\u0131n\u0131n devam\u0131nda, bug\u00fcn \u015fafak vakti d\u00fc\u015fman \u0130srail, yo\u011fun n\u00fcfuslu yerle\u015fim alanlar\u0131 da dahil olmak \u00fczere \u015eam kentindeki bir\u00e7ok noktay\u0131 hedef alan askeri u\u00e7aklar ve insans\u0131z hava ara\u00e7lar\u0131yla bir hava sald\u0131rganl\u0131\u011f\u0131 d\u00fczenledi\u011fini, bunu sonucundan, \u00fc\u00e7 sivilin \u015fehit d\u00fc\u015fmesine, dokuz ki\u015finin yaralanmas\u0131na ve \u00f6zel m\u00fclkte ciddi hasara yol a\u00e7t\u0131\u011f\u0131n\u0131 belirtti.<\/p>\n<p style=\"text-align: justify;\">D\u0131\u015fi\u015fleri Bakanl\u0131\u011f\u0131 a\u00e7\u0131klamas\u0131nda ayr\u0131ca, Suriye, \u0130srail\u2019in sivillere y\u00f6nelik bu vah\u015fi sald\u0131rganl\u0131\u011f\u0131n\u0131 ve Siyonist varl\u0131\u011f\u0131n Suriye\u2019nin ve b\u00f6lge \u00fclkelerinin egemenli\u011fini defalarca ihlal etmesini k\u0131nayarak, t\u00fcm b\u00f6lgeyi ate\u015fleyen, b\u00f6lgesel ve uluslararas\u0131 bar\u0131\u015f ve g\u00fcvenli\u011fi tehdit eden \u0130srail\u2019in bu su\u00e7lar\u0131na, t\u00fcm uluslararas\u0131 yasa ve d\u00fczenlemeleri hi\u00e7e sayarak son verilmesi y\u00f6n\u00fcnde d\u00fcnyaya \u00e7a\u011fr\u0131s\u0131n\u0131 yineledi.<\/p>\n<p style=\"text-align: justify;\">Bakanl\u0131k, Suriye, topraklar\u0131n\u0131 ve halk\u0131n\u0131 savunma ve uluslararas\u0131 hukuk taraf\u0131ndan g\u00fcvence alt\u0131na al\u0131nan t\u00fcm ara\u00e7larla bu su\u00e7lara direnme me\u015fru hakk\u0131n\u0131 bir kez daha vurgulad\u0131.<\/p>\n<p style=\"text-align: justify;\"><strong><a href=\"https:\/\/t.me\/SuriyeArapHaberAjansI\">Telegram Kanal\u0131m\u0131z\u00a0<\/a>||<a href=\"https:\/\/twitter.com\/arap_ajans\">X Platformumuz\u00a0<\/a>||<a href=\"https:\/\/www.facebook.com\/SANAHaberAjansi\/\">Facebook Sayfam\u0131z<\/a><\/strong><\/p>\n","protected":false},"excerpt":{"rendered":"<p>\u015eAM (SANA) \u2013 Suriye, \u0130srail\u2019in bug\u00fcn \u015fafak vakti \u015eam\u2019\u0131n \u00e7e\u015fitli noktalar\u0131n\u0131 hedef alan, 3 sivilin \u015fehit d\u00fc\u015fmesine, 9 ki\u015finin yaralanmas\u0131na ve \u00f6zel m\u00fclkte ciddi hasara yol a\u00e7an vah\u015fi sald\u0131rganl\u0131\u011f\u0131n\u0131 k\u0131nad\u0131. D\u0131\u015fi\u015fleri ve Gurbet\u00e7iler Bakanl\u0131\u011f\u0131, Siyonist varl\u0131\u011f\u0131n b\u00f6lge halklar\u0131na kar\u015f\u0131 i\u015fledi\u011fi bir dizi su\u00e7 ve Suriye topraklar\u0131na y\u00f6nelik defalarca sald\u0131rganl\u0131klar\u0131n\u0131n devam\u0131nda, bug\u00fcn \u015fafak vakti d\u00fc\u015fman \u0130srail, &hellip;<\/p>\n","protected":false},"author":39,"featured_media":309445,"comment_status":"closed","ping_status":"closed","sticky":false,"template":"","format":"standard","meta":{"footnotes":""},"categories":[589,479,575,17988,478],"tags":[],"class_list":["post-309431","post","type-post","status-publish","format-standard","has-post-thumbnail","","category-haber-seridi","category-haberler-yerel","category-olaylar-ve-gercekler","category-son-haberler","category-yerel"],"_links":{"self":[{"href":"https:\/\/archive.sana.sy\/tr\/index.php?rest_route=\/wp\/v2\/posts\/309431","targetHints":{"allow":["GET"]}}],"collection":[{"href":"https:\/\/archive.sana.sy\/tr\/index.php?rest_route=\/wp\/v2\/posts"}],"about":[{"href":"https:\/\/archive.sana.sy\/tr\/index.php?rest_route=\/wp\/v2\/types\/post"}],"author":[{"embeddable":true,"href":"https:\/\/archive.sana.sy\/tr\/index.php?rest_route=\/wp\/v2\/users\/39"}],"replies":[{"embeddable":true,"href":"https:\/\/archive.sana.sy\/tr\/index.php?rest_route=%2Fwp%2Fv2%2Fcomments&post=309431"}],"version-history":[{"count":9,"href":"https:\/\/archive.sana.sy\/tr\/index.php?rest_route=\/wp\/v2\/posts\/309431\/revisions"}],"predecessor-version":[{"id":309444,"href":"https:\/\/archive.sana.sy\/tr\/index.php?rest_route=\/wp\/v2\/posts\/309431\/revisions\/309444"}],"wp:featuredmedia":[{"embeddable":true,"href":"https:\/\/archive.sana.sy\/tr\/index.php?rest_route=\/wp\/v2\/media\/309445"}],"wp:attachment":[{"href":"https:\/\/archive.sana.sy\/tr\/index.php?rest_route=%2Fwp%2Fv2%2Fmedia&parent=309431"}],"wp:term":[{"taxonomy":"category","embeddable":true,"href":"https:\/\/archive.sana.sy\/tr\/index.php?rest_route=%2Fwp%2Fv2%2Fcategories&post=309431"},{"taxonomy":"post_tag","embeddable":true,"href":"https:\/\/archive.sana.sy\/tr\/index.php?rest_route=%2Fwp%2Fv2%2Ftags&post=309431"}],"curies":[{"name":"wp","href":"https:\/\/api.w.org\/{rel}","templated":true}]}}