{"id":309457,"date":"2024-10-01T15:36:43","date_gmt":"2024-10-01T12:36:43","guid":{"rendered":"https:\/\/sana.sy\/tr\/?p=309457"},"modified":"2024-10-01T15:37:08","modified_gmt":"2024-10-01T12:37:08","slug":"irak-direnisi-isgal-edilen-topraklardaki-israil-dusman-bolgelerini-hedef-aldi","status":"publish","type":"post","link":"https:\/\/archive.sana.sy\/tr\/?p=309457","title":{"rendered":"Irak Direni\u015fi \u0130\u015fgal Edilen Topraklardaki \u0130srail D\u00fc\u015fman B\u00f6lgelerini Hedef Ald\u0131"},"content":{"rendered":"<p style=\"text-align: justify;\"><strong>BA\u011eDAT (SANA)<\/strong> &#8211; \u00a0Irak direni\u015fi, Arkab f\u00fczeleriyle i\u015fgal alt\u0131ndaki topraklardaki \u0130srail d\u00fc\u015fman mevzilerini hedef ald\u0131\u011f\u0131n\u0131 duyurdu.<\/p>\n<p style=\"text-align: justify;\">Direni\u015f yapt\u0131\u011f\u0131 a\u00e7\u0131klamada, &#8220;\u0130\u015fgale kar\u015f\u0131 direni\u015f yakla\u015f\u0131m\u0131m\u0131z\u0131n devam\u0131, Filistin ve L\u00fcbnan&#8217;daki halklar\u0131m\u0131za destek ve gasp\u00e7\u0131 varl\u0131\u011f\u0131n aralar\u0131nda \u00e7ocuk, kad\u0131n ve ya\u015fl\u0131lar\u0131n da bulundu\u011fu sivillere y\u00f6nelik yapt\u0131\u011f\u0131 katliamlara yan\u0131t olarak, bug\u00fcn \u015fafak vakti sava\u015f\u00e7\u0131lar\u0131m\u0131z bir dizi geli\u015fmi\u015f El Arkeb f\u00fczesi kullanarak varl\u0131\u011f\u0131n merkezindeki \u00fc\u00e7 b\u00f6lgedeki hedeflere sald\u0131rd\u0131&#8221;, diyerek, d\u00fc\u015fman kalelerini imha etme operasyonlar\u0131n\u0131n artan bir h\u0131zla devam etti\u011fini vurgulad\u0131.<\/p>\n<p style=\"text-align: justify;\">D\u00fcn Irak direni\u015fi, insans\u0131z hava ara\u00e7lar\u0131 ve f\u00fczelerle i\u015fgal alt\u0131ndaki Filistin topraklar\u0131n\u0131n derinliklerinde d\u00fc\u015fman \u0130srail\u2019I \u00a0bir dizi hayati hedefini hedef alm\u0131\u015ft\u0131.<\/p>\n<p style=\"text-align: center;\"><strong><a href=\"https:\/\/t.me\/SuriyeArapHaberAjansI\">Telegram Kanal\u0131m\u0131z\u00a0<\/a>||<a href=\"https:\/\/twitter.com\/arap_ajans\">X Platformumuz\u00a0<\/a>||<a href=\"https:\/\/www.facebook.com\/SANAHaberAjansi\/\">Facebook Sayfam\u0131z<\/a><\/strong><\/p>\n","protected":false},"excerpt":{"rendered":"<p>BA\u011eDAT (SANA) &#8211; \u00a0Irak direni\u015fi, Arkab f\u00fczeleriyle i\u015fgal alt\u0131ndaki topraklardaki \u0130srail d\u00fc\u015fman mevzilerini hedef ald\u0131\u011f\u0131n\u0131 duyurdu. Direni\u015f yapt\u0131\u011f\u0131 a\u00e7\u0131klamada, &#8220;\u0130\u015fgale kar\u015f\u0131 direni\u015f yakla\u015f\u0131m\u0131m\u0131z\u0131n devam\u0131, Filistin ve L\u00fcbnan&#8217;daki halklar\u0131m\u0131za destek ve gasp\u00e7\u0131 varl\u0131\u011f\u0131n aralar\u0131nda \u00e7ocuk, kad\u0131n ve ya\u015fl\u0131lar\u0131n da bulundu\u011fu sivillere y\u00f6nelik yapt\u0131\u011f\u0131 katliamlara yan\u0131t olarak, bug\u00fcn \u015fafak vakti sava\u015f\u00e7\u0131lar\u0131m\u0131z bir dizi geli\u015fmi\u015f El Arkeb f\u00fczesi &hellip;<\/p>\n","protected":false},"author":41,"featured_media":309458,"comment_status":"closed","ping_status":"closed","sticky":false,"template":"","format":"standard","meta":{"footnotes":""},"categories":[458,589,459,17988],"tags":[42536],"class_list":["post-309457","post","type-post","status-publish","format-standard","has-post-thumbnail","","category-dunya1","category-haber-seridi","category-haberler-arap-uluslararasi-politika","category-son-haberler","tag-irak-direnisi-isgal-edilen-topraklardaki-israil-dusman-bolgelerini-hedef-aldi"],"_links":{"self":[{"href":"https:\/\/archive.sana.sy\/tr\/index.php?rest_route=\/wp\/v2\/posts\/309457","targetHints":{"allow":["GET"]}}],"collection":[{"href":"https:\/\/archive.sana.sy\/tr\/index.php?rest_route=\/wp\/v2\/posts"}],"about":[{"href":"https:\/\/archive.sana.sy\/tr\/index.php?rest_route=\/wp\/v2\/types\/post"}],"author":[{"embeddable":true,"href":"https:\/\/archive.sana.sy\/tr\/index.php?rest_route=\/wp\/v2\/users\/41"}],"replies":[{"embeddable":true,"href":"https:\/\/archive.sana.sy\/tr\/index.php?rest_route=%2Fwp%2Fv2%2Fcomments&post=309457"}],"version-history":[{"count":1,"href":"https:\/\/archive.sana.sy\/tr\/index.php?rest_route=\/wp\/v2\/posts\/309457\/revisions"}],"predecessor-version":[{"id":309459,"href":"https:\/\/archive.sana.sy\/tr\/index.php?rest_route=\/wp\/v2\/posts\/309457\/revisions\/309459"}],"wp:featuredmedia":[{"embeddable":true,"href":"https:\/\/archive.sana.sy\/tr\/index.php?rest_route=\/wp\/v2\/media\/309458"}],"wp:attachment":[{"href":"https:\/\/archive.sana.sy\/tr\/index.php?rest_route=%2Fwp%2Fv2%2Fmedia&parent=309457"}],"wp:term":[{"taxonomy":"category","embeddable":true,"href":"https:\/\/archive.sana.sy\/tr\/index.php?rest_route=%2Fwp%2Fv2%2Fcategories&post=309457"},{"taxonomy":"post_tag","embeddable":true,"href":"https:\/\/archive.sana.sy\/tr\/index.php?rest_route=%2Fwp%2Fv2%2Ftags&post=309457"}],"curies":[{"name":"wp","href":"https:\/\/api.w.org\/{rel}","templated":true}]}}