{"id":309460,"date":"2024-10-01T15:00:46","date_gmt":"2024-10-01T12:00:46","guid":{"rendered":"https:\/\/sana.sy\/tr\/?p=309460"},"modified":"2024-10-01T15:43:10","modified_gmt":"2024-10-01T12:43:10","slug":"kremlin-israilin-sama-yonelik-saldirganligini-kinadi","status":"publish","type":"post","link":"https:\/\/archive.sana.sy\/tr\/?p=309460","title":{"rendered":"Kremlin, \u0130srail&#8217;in \u015eam&#8217;a Y\u00f6nelik Sald\u0131rganl\u0131\u011f\u0131n\u0131 K\u0131nad\u0131"},"content":{"rendered":"<p style=\"text-align: justify;\"><strong>MOSKOVA (SANA) &#8211;<\/strong>\u00a0 Rusya Devlet Ba\u015fkanl\u0131\u011f\u0131 s\u00f6zc\u00fcs\u00fc Dmitry Peskov, \u0130srail&#8217;in bug\u00fcn \u015fafak vakti \u015eam \u015fehrinin \u00e7e\u015fitli b\u00f6lgelerini hedef alan sald\u0131r\u0131s\u0131n\u0131 k\u0131nayarak, \u00fclkesinin Suriye ile s\u00fcrekli temas halinde oldu\u011funu vurgulad\u0131.<\/p>\n<p style=\"text-align: justify;\">RT, Peskov&#8217;un gazetecilere \u015funlar\u0131 s\u00f6yledi\u011fini aktard\u0131: \u2018\u2019Elbette Suriyeli dostlar\u0131m\u0131zla s\u00fcrekli temas halindeyiz ve egemen bir devlete y\u00f6nelik bu sald\u0131r\u0131lar\u0131 k\u0131n\u0131yoruz.&#8221;<\/p>\n<p style=\"text-align: justify;\">Peskov, Orta Do\u011fu&#8217;da ya\u015fananlar\u0131n b\u00f6lgede daha fazla istikrars\u0131zl\u0131\u011fa yol a\u00e7t\u0131\u011f\u0131na dikkat \u00e7ekerek, \u00fclkesinin b\u00f6lgede gerilimin t\u0131rmanmas\u0131ndan b\u00fcy\u00fck endi\u015fe duydu\u011funu ifade etti.<\/p>\n<p style=\"text-align: center;\"><strong><a href=\"https:\/\/t.me\/SuriyeArapHaberAjansI\">Telegram Kanal\u0131m\u0131z\u00a0<\/a>||<a href=\"https:\/\/twitter.com\/arap_ajans\">X Platformumuz\u00a0<\/a>||<a href=\"https:\/\/www.facebook.com\/SANAHaberAjansi\/\">Facebook Sayfam\u0131z<\/a><\/strong><\/p>\n","protected":false},"excerpt":{"rendered":"<p>MOSKOVA (SANA) &#8211;\u00a0 Rusya Devlet Ba\u015fkanl\u0131\u011f\u0131 s\u00f6zc\u00fcs\u00fc Dmitry Peskov, \u0130srail&#8217;in bug\u00fcn \u015fafak vakti \u015eam \u015fehrinin \u00e7e\u015fitli b\u00f6lgelerini hedef alan sald\u0131r\u0131s\u0131n\u0131 k\u0131nayarak, \u00fclkesinin Suriye ile s\u00fcrekli temas halinde oldu\u011funu vurgulad\u0131. RT, Peskov&#8217;un gazetecilere \u015funlar\u0131 s\u00f6yledi\u011fini aktard\u0131: \u2018\u2019Elbette Suriyeli dostlar\u0131m\u0131zla s\u00fcrekli temas halindeyiz ve egemen bir devlete y\u00f6nelik bu sald\u0131r\u0131lar\u0131 k\u0131n\u0131yoruz.&#8221; Peskov, Orta Do\u011fu&#8217;da ya\u015fananlar\u0131n b\u00f6lgede daha &hellip;<\/p>\n","protected":false},"author":41,"featured_media":309461,"comment_status":"closed","ping_status":"closed","sticky":false,"template":"","format":"standard","meta":{"footnotes":""},"categories":[458,589,459,17988],"tags":[42537,18312],"class_list":["post-309460","post","type-post","status-publish","format-standard","has-post-thumbnail","","category-dunya1","category-haber-seridi","category-haberler-arap-uluslararasi-politika","category-son-haberler","tag-israilin-sama-yonelik-saldirganligini-kinadi","tag-kremlin"],"_links":{"self":[{"href":"https:\/\/archive.sana.sy\/tr\/index.php?rest_route=\/wp\/v2\/posts\/309460","targetHints":{"allow":["GET"]}}],"collection":[{"href":"https:\/\/archive.sana.sy\/tr\/index.php?rest_route=\/wp\/v2\/posts"}],"about":[{"href":"https:\/\/archive.sana.sy\/tr\/index.php?rest_route=\/wp\/v2\/types\/post"}],"author":[{"embeddable":true,"href":"https:\/\/archive.sana.sy\/tr\/index.php?rest_route=\/wp\/v2\/users\/41"}],"replies":[{"embeddable":true,"href":"https:\/\/archive.sana.sy\/tr\/index.php?rest_route=%2Fwp%2Fv2%2Fcomments&post=309460"}],"version-history":[{"count":1,"href":"https:\/\/archive.sana.sy\/tr\/index.php?rest_route=\/wp\/v2\/posts\/309460\/revisions"}],"predecessor-version":[{"id":309462,"href":"https:\/\/archive.sana.sy\/tr\/index.php?rest_route=\/wp\/v2\/posts\/309460\/revisions\/309462"}],"wp:featuredmedia":[{"embeddable":true,"href":"https:\/\/archive.sana.sy\/tr\/index.php?rest_route=\/wp\/v2\/media\/309461"}],"wp:attachment":[{"href":"https:\/\/archive.sana.sy\/tr\/index.php?rest_route=%2Fwp%2Fv2%2Fmedia&parent=309460"}],"wp:term":[{"taxonomy":"category","embeddable":true,"href":"https:\/\/archive.sana.sy\/tr\/index.php?rest_route=%2Fwp%2Fv2%2Fcategories&post=309460"},{"taxonomy":"post_tag","embeddable":true,"href":"https:\/\/archive.sana.sy\/tr\/index.php?rest_route=%2Fwp%2Fv2%2Ftags&post=309460"}],"curies":[{"name":"wp","href":"https:\/\/api.w.org\/{rel}","templated":true}]}}