{"id":309470,"date":"2024-10-01T14:16:16","date_gmt":"2024-10-01T11:16:16","guid":{"rendered":"https:\/\/sana.sy\/tr\/?p=309470"},"modified":"2024-10-01T17:04:02","modified_gmt":"2024-10-01T14:04:02","slug":"lubnan-direnisi-fadi-4-fuzeleriyle-glilot-ussundeki-dusman-israili-hedef-aldi","status":"publish","type":"post","link":"https:\/\/archive.sana.sy\/tr\/?p=309470","title":{"rendered":"L\u00fcbnan Direni\u015fi (Fadi 4) F\u00fczeleriyle \u201cGlilot\u201d \u00dcss\u00fcndeki D\u00fc\u015fman \u0130srail\u2019i Hedef Ald\u0131"},"content":{"rendered":"<p style=\"text-align: justify;\"><strong>\u0130\u015eGAL ED\u0130LEN KUD\u00dcS (SANA) &#8211;<\/strong>\u00a0 L\u00fcbnan direni\u015fi, Tel Aviv&#8217;in eteklerinde bulunan d\u00fc\u015fman \u0130srail\u2019in 8200 Askeri \u0130stihbarat Birimine ba\u011fl\u0131 &#8220;Glilot&#8221; \u00fcss\u00fcn\u00fc ve Mossad kararg\u00e2h\u0131n\u0131 f\u00fczelerle ald\u0131\u011f\u0131n\u0131 duyurdu.<\/p>\n<p style=\"text-align: justify;\">Direni\u015f yapt\u0131\u011f\u0131 a\u00e7\u0131klamada, \u2018\u2019Gazze \u015eeridi&#8217;ndeki kararl\u0131 Filistin halk\u0131m\u0131za ve onlar\u0131n yi\u011fit direni\u015fine destek, L\u00fcbnan&#8217;\u0131 ve halk\u0131n\u0131 savunma ve i\u015fgalin sivilleri hedef almas\u0131na ve i\u015fledi\u011fi katliamlara yan\u0131t olarak, direni\u015f, Tel Aviv&#8217;in eteklerinde bulunan 8200 Askeri \u0130stihbarat Birimi&#8217;nin Glilot \u00fcss\u00fcn\u00fc ve Mossad karargah\u0131n\u0131 \u00a0Fadi 4 f\u00fczeleriyle hedef ald\u0131\u2019\u2019 ded\u015f\u00e7.<\/p>\n<p style=\"text-align: justify;\">Direni\u015f ikinci a\u00e7\u0131klamas\u0131nda, \u0130srail&#8217;in L\u00fcbnan&#8217;daki \u015fehirleri, k\u00f6yleri ve sivilleri barbarca i\u015fgaline tepki olarak, direni\u015finin f\u00fcze f\u0131rlat\u0131c\u0131s\u0131yla &#8220;Ro\u015f Pina&#8221; yerle\u015fimi yak\u0131n\u0131nda \u0130srailli d\u00fc\u015fman askerlerinin toplanmas\u0131n\u0131 hedef ald\u0131\u011f\u0131n\u0131 a\u00e7\u0131klad\u0131.<\/p>\n<p style=\"text-align: justify;\">Direni\u015f sava\u015f\u00e7\u0131lar\u0131 ayn\u0131 zamanda Falak 2 f\u00fczesi ile \u201cDovive\u201d k\u0131\u015flas\u0131ndaki d\u00fc\u015fman g\u00fc\u00e7lerini hedef ald\u0131lar. Direni\u015f sava\u015f\u00e7\u0131lar\u0131 \u00a0ayn\u0131 zamansa 32 Katyu\u015fa f\u00fczesi ile i\u015fgal alt\u0131ndaki L\u00fcbnan&#8217;daki Ramsa ve El Samka b\u00f6lgeleri aras\u0131ndaki d\u00fc\u015fman askerleri toplulu\u011funu da hedef ald\u0131lar.<\/p>\n<p style=\"text-align: justify;\">Direni\u015f bu sabah erken saatlerde yapt\u0131\u011f\u0131 a\u00e7\u0131klamada, &#8220;Metulla ve Afimim&#8221; yerle\u015fim yerlerindeki \u0130srail d\u00fc\u015fman\u0131n\u0131 hedef ald\u0131\u011f\u0131n\u0131 ve do\u011frudan isabet elde etti\u011fini duyurmu\u015ftu.<\/p>\n<p style=\"text-align: justify;\">\u00d6te yandan Hizbullah&#8217;\u0131n medya ili\u015fkileri, Siyonist d\u00fc\u015fman\u0131n, bombalamalar\u0131n hedef ald\u0131\u011f\u0131 El Sirat Medya Kanal\u0131 binas\u0131 da dahil olmak \u00fczere sivil binalarda m\u00fchimmat veya silah depolar\u0131 bulundu\u011funa ili\u015fkin as\u0131ls\u0131z iddialar\u0131n\u0131n asl\u0131na ayk\u0131r\u0131 oldu\u011funu a\u00e7\u0131klad\u0131.<\/p>\n<p style=\"text-align: center;\"><strong><a href=\"https:\/\/t.me\/SuriyeArapHaberAjansI\">Telegram Kanal\u0131m\u0131z\u00a0<\/a>||<a href=\"https:\/\/twitter.com\/arap_ajans\">X Platformumuz\u00a0<\/a>||<a href=\"https:\/\/www.facebook.com\/SANAHaberAjansi\/\">Facebook Sayfam\u0131z<\/a><\/strong><\/p>\n","protected":false},"excerpt":{"rendered":"<p>\u0130\u015eGAL ED\u0130LEN KUD\u00dcS (SANA) &#8211;\u00a0 L\u00fcbnan direni\u015fi, Tel Aviv&#8217;in eteklerinde bulunan d\u00fc\u015fman \u0130srail\u2019in 8200 Askeri \u0130stihbarat Birimine ba\u011fl\u0131 &#8220;Glilot&#8221; \u00fcss\u00fcn\u00fc ve Mossad kararg\u00e2h\u0131n\u0131 f\u00fczelerle ald\u0131\u011f\u0131n\u0131 duyurdu. Direni\u015f yapt\u0131\u011f\u0131 a\u00e7\u0131klamada, \u2018\u2019Gazze \u015eeridi&#8217;ndeki kararl\u0131 Filistin halk\u0131m\u0131za ve onlar\u0131n yi\u011fit direni\u015fine destek, L\u00fcbnan&#8217;\u0131 ve halk\u0131n\u0131 savunma ve i\u015fgalin sivilleri hedef almas\u0131na ve i\u015fledi\u011fi katliamlara yan\u0131t olarak, direni\u015f, Tel &hellip;<\/p>\n","protected":false},"author":41,"featured_media":309471,"comment_status":"closed","ping_status":"closed","sticky":false,"template":"","format":"standard","meta":{"footnotes":""},"categories":[458,589,459,17988],"tags":[],"class_list":["post-309470","post","type-post","status-publish","format-standard","has-post-thumbnail","","category-dunya1","category-haber-seridi","category-haberler-arap-uluslararasi-politika","category-son-haberler"],"_links":{"self":[{"href":"https:\/\/archive.sana.sy\/tr\/index.php?rest_route=\/wp\/v2\/posts\/309470","targetHints":{"allow":["GET"]}}],"collection":[{"href":"https:\/\/archive.sana.sy\/tr\/index.php?rest_route=\/wp\/v2\/posts"}],"about":[{"href":"https:\/\/archive.sana.sy\/tr\/index.php?rest_route=\/wp\/v2\/types\/post"}],"author":[{"embeddable":true,"href":"https:\/\/archive.sana.sy\/tr\/index.php?rest_route=\/wp\/v2\/users\/41"}],"replies":[{"embeddable":true,"href":"https:\/\/archive.sana.sy\/tr\/index.php?rest_route=%2Fwp%2Fv2%2Fcomments&post=309470"}],"version-history":[{"count":2,"href":"https:\/\/archive.sana.sy\/tr\/index.php?rest_route=\/wp\/v2\/posts\/309470\/revisions"}],"predecessor-version":[{"id":309473,"href":"https:\/\/archive.sana.sy\/tr\/index.php?rest_route=\/wp\/v2\/posts\/309470\/revisions\/309473"}],"wp:featuredmedia":[{"embeddable":true,"href":"https:\/\/archive.sana.sy\/tr\/index.php?rest_route=\/wp\/v2\/media\/309471"}],"wp:attachment":[{"href":"https:\/\/archive.sana.sy\/tr\/index.php?rest_route=%2Fwp%2Fv2%2Fmedia&parent=309470"}],"wp:term":[{"taxonomy":"category","embeddable":true,"href":"https:\/\/archive.sana.sy\/tr\/index.php?rest_route=%2Fwp%2Fv2%2Fcategories&post=309470"},{"taxonomy":"post_tag","embeddable":true,"href":"https:\/\/archive.sana.sy\/tr\/index.php?rest_route=%2Fwp%2Fv2%2Ftags&post=309470"}],"curies":[{"name":"wp","href":"https:\/\/api.w.org\/{rel}","templated":true}]}}