{"id":309474,"date":"2024-10-01T05:22:54","date_gmt":"2024-10-01T02:22:54","guid":{"rendered":"https:\/\/sana.sy\/tr\/?p=309474"},"modified":"2024-10-01T17:23:59","modified_gmt":"2024-10-01T14:23:59","slug":"cin-israilin-lubnanin-egemenligine-yonelik-saldirilarini-reddettigini-dogruladi","status":"publish","type":"post","link":"https:\/\/archive.sana.sy\/tr\/?p=309474","title":{"rendered":"\u00c7in, \u0130srail&#8217;in L\u00fcbnan&#8217;\u0131n Egemenli\u011fine Y\u00f6nelik Sald\u0131r\u0131lar\u0131n\u0131 Reddetti\u011fini Do\u011frulad\u0131"},"content":{"rendered":"<p style=\"text-align: justify;\"><strong>PEK<\/strong><strong>\u0130N (SANA)<\/strong> &#8211; \u00a0\u00c7in bug\u00fcn \u0130srail&#8217;in L\u00fcbnan&#8217;\u0131n egemenli\u011fine y\u00f6nelik sald\u0131r\u0131lar\u0131n\u0131 reddetti\u011fini do\u011frulayarak, b\u00f6lgedeki gerilimin t\u0131rmanmas\u0131ndan derin endi\u015fe duydu\u011funu ifade etti.<\/p>\n<p style=\"text-align: justify;\">\u00c7in D\u0131\u015fi\u015fleri Bakanl\u0131\u011f\u0131&#8217;ndan yap\u0131lan a\u00e7\u0131klamada \u015fu ifadelere yer verildi: &#8220;\u00c7in, L\u00fcbnan ile \u0130srail aras\u0131ndaki mevcut durumdan derin kayg\u0131 duyuyor ve ilgili askeri eylemlerden kaynaklanan b\u00f6lgesel gerilimlerin daha da artmas\u0131ndan b\u00fcy\u00fck endi\u015fe duyuyor.&#8221;<\/p>\n<p style=\"text-align: justify;\">D\u0131\u015fi\u015fleri Bakanl\u0131\u011f\u0131 ayr\u0131ca, \u2018\u2019Pekin &#8220;L\u00fcbnan&#8217;\u0131n egemenli\u011fi, g\u00fcvenli\u011fi ve toprak b\u00fct\u00fcnl\u00fc\u011f\u00fcne y\u00f6nelik ihlallere kar\u015f\u0131 \u00e7\u0131k\u0131yor ve \u00e7at\u0131\u015fmalar\u0131 \u015fiddetlendiren ve b\u00f6lgesel durumun daha da t\u0131rmanmas\u0131na yol a\u00e7an her t\u00fcrl\u00fc eylemi reddediyor\u2019\u2019 ifadelerini s\u00f6zlerine ekledi.<\/p>\n<p style=\"text-align: center;\"><strong><a href=\"https:\/\/t.me\/SuriyeArapHaberAjansI\">Telegram Kanal\u0131m\u0131z\u00a0<\/a>||<a href=\"https:\/\/twitter.com\/arap_ajans\">X Platformumuz\u00a0<\/a>||<a href=\"https:\/\/www.facebook.com\/SANAHaberAjansi\/\">Facebook Sayfam\u0131z<\/a><\/strong><\/p>\n","protected":false},"excerpt":{"rendered":"<p>PEK\u0130N (SANA) &#8211; \u00a0\u00c7in bug\u00fcn \u0130srail&#8217;in L\u00fcbnan&#8217;\u0131n egemenli\u011fine y\u00f6nelik sald\u0131r\u0131lar\u0131n\u0131 reddetti\u011fini do\u011frulayarak, b\u00f6lgedeki gerilimin t\u0131rmanmas\u0131ndan derin endi\u015fe duydu\u011funu ifade etti. \u00c7in D\u0131\u015fi\u015fleri Bakanl\u0131\u011f\u0131&#8217;ndan yap\u0131lan a\u00e7\u0131klamada \u015fu ifadelere yer verildi: &#8220;\u00c7in, L\u00fcbnan ile \u0130srail aras\u0131ndaki mevcut durumdan derin kayg\u0131 duyuyor ve ilgili askeri eylemlerden kaynaklanan b\u00f6lgesel gerilimlerin daha da artmas\u0131ndan b\u00fcy\u00fck endi\u015fe duyuyor.&#8221; D\u0131\u015fi\u015fleri Bakanl\u0131\u011f\u0131 ayr\u0131ca, &hellip;<\/p>\n","protected":false},"author":41,"featured_media":309475,"comment_status":"closed","ping_status":"closed","sticky":false,"template":"","format":"standard","meta":{"footnotes":""},"categories":[458,589,459,17988],"tags":[4349,42539],"class_list":["post-309474","post","type-post","status-publish","format-standard","has-post-thumbnail","","category-dunya1","category-haber-seridi","category-haberler-arap-uluslararasi-politika","category-son-haberler","tag-cin","tag-israilin-lubnanin-egemenligine-yonelik-saldirilarini-reddettigini-dogruladi"],"_links":{"self":[{"href":"https:\/\/archive.sana.sy\/tr\/index.php?rest_route=\/wp\/v2\/posts\/309474","targetHints":{"allow":["GET"]}}],"collection":[{"href":"https:\/\/archive.sana.sy\/tr\/index.php?rest_route=\/wp\/v2\/posts"}],"about":[{"href":"https:\/\/archive.sana.sy\/tr\/index.php?rest_route=\/wp\/v2\/types\/post"}],"author":[{"embeddable":true,"href":"https:\/\/archive.sana.sy\/tr\/index.php?rest_route=\/wp\/v2\/users\/41"}],"replies":[{"embeddable":true,"href":"https:\/\/archive.sana.sy\/tr\/index.php?rest_route=%2Fwp%2Fv2%2Fcomments&post=309474"}],"version-history":[{"count":1,"href":"https:\/\/archive.sana.sy\/tr\/index.php?rest_route=\/wp\/v2\/posts\/309474\/revisions"}],"predecessor-version":[{"id":309476,"href":"https:\/\/archive.sana.sy\/tr\/index.php?rest_route=\/wp\/v2\/posts\/309474\/revisions\/309476"}],"wp:featuredmedia":[{"embeddable":true,"href":"https:\/\/archive.sana.sy\/tr\/index.php?rest_route=\/wp\/v2\/media\/309475"}],"wp:attachment":[{"href":"https:\/\/archive.sana.sy\/tr\/index.php?rest_route=%2Fwp%2Fv2%2Fmedia&parent=309474"}],"wp:term":[{"taxonomy":"category","embeddable":true,"href":"https:\/\/archive.sana.sy\/tr\/index.php?rest_route=%2Fwp%2Fv2%2Fcategories&post=309474"},{"taxonomy":"post_tag","embeddable":true,"href":"https:\/\/archive.sana.sy\/tr\/index.php?rest_route=%2Fwp%2Fv2%2Ftags&post=309474"}],"curies":[{"name":"wp","href":"https:\/\/api.w.org\/{rel}","templated":true}]}}