{"id":309477,"date":"2024-10-01T18:18:10","date_gmt":"2024-10-01T15:18:10","guid":{"rendered":"https:\/\/sana.sy\/tr\/?p=309477"},"modified":"2024-10-01T18:18:10","modified_gmt":"2024-10-01T15:18:10","slug":"unicef-lubnandaki-insani-durumun-hizla-kotulesmesinden-duydugu-kaygiyi-dile-getirdi","status":"publish","type":"post","link":"https:\/\/archive.sana.sy\/tr\/?p=309477","title":{"rendered":"UNICEF, L\u00fcbnan&#8217;daki \u0130nsani Durumun H\u0131zla K\u00f6t\u00fcle\u015fmesinden Duydu\u011fu Kayg\u0131y\u0131 Dile Getirdi"},"content":{"rendered":"<p style=\"text-align: justify;\"><strong>NEW YORK (SANA) &#8211;<\/strong>\u00a0 Birle\u015fmi\u015f Milletler \u00c7ocuklara Yard\u0131m Fonu (UNICEF), L\u00fcbnan&#8217;daki insani durumun h\u0131zla k\u00f6t\u00fcle\u015fmesiyle ilgili derin endi\u015fesini dile getirdi.<\/p>\n<p style=\"text-align: justify;\">UNICEF \u0130cra Direkt\u00f6r\u00fc Catherine Russell yapt\u0131\u011f\u0131 a\u00e7\u0131klamada, &#8220;\u0130srail&#8217;in son haftaki sald\u0131r\u0131lar\u0131nda en az 80 \u00e7ocuk hayat\u0131n\u0131 kaybetti, y\u00fczlercesi de yaraland\u0131&#8221;, diyerek, &#8220;L\u00fcbnan&#8217;da \u00fclke i\u00e7inde yerinden edilmi\u015f ki\u015filerin say\u0131s\u0131n\u0131n bir milyonu a\u015ft\u0131\u011f\u0131n\u0131 ve bunlar\u0131n 300.000&#8217;den fazlas\u0131n\u0131n \u00e7ocuk oldu\u011funu&#8221; kaydetti.<\/p>\n<p style=\"text-align: justify;\">&#8220;Binlerce \u00e7ocuk \u015fu anda sokaklarda ya da bar\u0131naklarda ya\u015f\u0131yor ve bir\u00e7o\u011fu temel ihtiya\u00e7lar\u0131n\u0131 yanlar\u0131na alamadan evlerini terk etmi\u015f durumda&#8221; a\u00e7\u0131klamas\u0131nda bulunan Catherine Russell, &#8220;\u015eiddet artt\u0131k\u00e7a insani ihtiya\u00e7lar da art\u0131yor. L\u00fcbnan&#8217;da herhangi bir kara sald\u0131r\u0131s\u0131 veya \u015fiddetin daha da artmas\u0131 \u00e7ocuklar a\u00e7\u0131s\u0131ndan felaket niteli\u011findeki durumu daha da k\u00f6t\u00fcle\u015ftirecektir ve b\u00f6yle bir sonu\u00e7tan ka\u00e7\u0131n\u0131lmal\u0131d\u0131r&#8221; ifadeleriyle a\u00e7\u0131klamas\u0131n\u0131 tamamlad\u0131.<\/p>\n<p style=\"text-align: center;\"><strong><a href=\"https:\/\/t.me\/SuriyeArapHaberAjansI\">Telegram Kanal\u0131m\u0131z\u00a0<\/a>||<a href=\"https:\/\/twitter.com\/arap_ajans\">X Platformumuz\u00a0<\/a>||<a href=\"https:\/\/www.facebook.com\/SANAHaberAjansi\/\">Facebook Sayfam\u0131z<\/a><\/strong><\/p>\n","protected":false},"excerpt":{"rendered":"<p>NEW YORK (SANA) &#8211;\u00a0 Birle\u015fmi\u015f Milletler \u00c7ocuklara Yard\u0131m Fonu (UNICEF), L\u00fcbnan&#8217;daki insani durumun h\u0131zla k\u00f6t\u00fcle\u015fmesiyle ilgili derin endi\u015fesini dile getirdi. UNICEF \u0130cra Direkt\u00f6r\u00fc Catherine Russell yapt\u0131\u011f\u0131 a\u00e7\u0131klamada, &#8220;\u0130srail&#8217;in son haftaki sald\u0131r\u0131lar\u0131nda en az 80 \u00e7ocuk hayat\u0131n\u0131 kaybetti, y\u00fczlercesi de yaraland\u0131&#8221;, diyerek, &#8220;L\u00fcbnan&#8217;da \u00fclke i\u00e7inde yerinden edilmi\u015f ki\u015filerin say\u0131s\u0131n\u0131n bir milyonu a\u015ft\u0131\u011f\u0131n\u0131 ve bunlar\u0131n 300.000&#8217;den fazlas\u0131n\u0131n &hellip;<\/p>\n","protected":false},"author":41,"featured_media":309478,"comment_status":"closed","ping_status":"closed","sticky":false,"template":"","format":"standard","meta":{"footnotes":""},"categories":[458,589,459,17988],"tags":[42540,19557],"class_list":["post-309477","post","type-post","status-publish","format-standard","has-post-thumbnail","","category-dunya1","category-haber-seridi","category-haberler-arap-uluslararasi-politika","category-son-haberler","tag-lubnandaki-insani-durumun-hizla-kotulesmesinden-duydugu-kaygiyi-dile-getirdi","tag-unicef"],"_links":{"self":[{"href":"https:\/\/archive.sana.sy\/tr\/index.php?rest_route=\/wp\/v2\/posts\/309477","targetHints":{"allow":["GET"]}}],"collection":[{"href":"https:\/\/archive.sana.sy\/tr\/index.php?rest_route=\/wp\/v2\/posts"}],"about":[{"href":"https:\/\/archive.sana.sy\/tr\/index.php?rest_route=\/wp\/v2\/types\/post"}],"author":[{"embeddable":true,"href":"https:\/\/archive.sana.sy\/tr\/index.php?rest_route=\/wp\/v2\/users\/41"}],"replies":[{"embeddable":true,"href":"https:\/\/archive.sana.sy\/tr\/index.php?rest_route=%2Fwp%2Fv2%2Fcomments&post=309477"}],"version-history":[{"count":1,"href":"https:\/\/archive.sana.sy\/tr\/index.php?rest_route=\/wp\/v2\/posts\/309477\/revisions"}],"predecessor-version":[{"id":309479,"href":"https:\/\/archive.sana.sy\/tr\/index.php?rest_route=\/wp\/v2\/posts\/309477\/revisions\/309479"}],"wp:featuredmedia":[{"embeddable":true,"href":"https:\/\/archive.sana.sy\/tr\/index.php?rest_route=\/wp\/v2\/media\/309478"}],"wp:attachment":[{"href":"https:\/\/archive.sana.sy\/tr\/index.php?rest_route=%2Fwp%2Fv2%2Fmedia&parent=309477"}],"wp:term":[{"taxonomy":"category","embeddable":true,"href":"https:\/\/archive.sana.sy\/tr\/index.php?rest_route=%2Fwp%2Fv2%2Fcategories&post=309477"},{"taxonomy":"post_tag","embeddable":true,"href":"https:\/\/archive.sana.sy\/tr\/index.php?rest_route=%2Fwp%2Fv2%2Ftags&post=309477"}],"curies":[{"name":"wp","href":"https:\/\/api.w.org\/{rel}","templated":true}]}}