{"id":309480,"date":"2024-10-01T22:29:51","date_gmt":"2024-10-01T19:29:51","guid":{"rendered":"https:\/\/sana.sy\/tr\/?p=309480"},"modified":"2024-10-01T22:29:51","modified_gmt":"2024-10-01T19:29:51","slug":"iran-devrim-muhafizlari-isgal-edilen-filistin-topraklarinin-derinliklerindeki-dusman-israili-hedef-aldik","status":"publish","type":"post","link":"https:\/\/archive.sana.sy\/tr\/?p=309480","title":{"rendered":"\u0130ran Devrim Muhaf\u0131zlar\u0131: \u0130\u015fgal Edilen Filistin Topraklar\u0131n\u0131n Derinliklerindeki D\u00fc\u015fman \u0130srail&#8217;i Hedef Ald\u0131k"},"content":{"rendered":"<p style=\"text-align: justify;\"><strong>TAHRAN (SANA) &#8211;<\/strong> \u0130ran Devrim Muhaf\u0131zlar\u0131, Hizbullah Genel Sekreteri Seyyid Hasan Nasrullah, \u0130slami Direni\u015f Hareketi Siyasi B\u00fcrosu Ba\u015fkan\u0131 \u0130smail Haniyeh ve \u0130ran Devrim Muhaf\u0131zlar\u0131&#8217;n\u0131n lideri Abbas Nilfaru\u015fan&#8217;\u0131n \u015fehit olmalar\u0131na misilleme olarak i\u015fgal edilen Filistin topraklar\u0131n\u0131n derinliklerindeki d\u00fc\u015fman \u0130srail\u2019in hedef ald\u0131\u011f\u0131n\u0131 duyurdu.<\/p>\n<p style=\"text-align: justify;\">Devrim Muhaf\u0131zlar\u0131 a\u00e7\u0131klamas\u0131nda \u015fu ifadelere yer verildi: \u201cBirka\u00e7 dakika \u00f6nce, \u0130ran \u0130slam Cumhuriyeti&#8217;nin M\u00fccahit Dr. \u0130smail Haniye\u2019nin Siyonist Varl\u0131\u011f\u0131 taraf\u0131ndan suikasta kurban gitmesiyle egemenli\u011finin ihlaline ili\u015fkin bir s\u00fcre uygulanan kendi k\u0131s\u0131tlaman\u0131n ard\u0131ndan; \u00dclkenin Birle\u015fmi\u015f Milletler misaklar\u0131 uyar\u0131nca me\u015fru m\u00fcdafaa hakk\u0131na sahip olmas\u0131 ve Siyonist varl\u0131\u011f\u0131n Amerika&#8217;n\u0131n deste\u011fiyle L\u00fcbnan ve Gazze halklar\u0131na y\u00f6nelik katliamlar ger\u00e7ekle\u015ftirmesine y\u00f6nelik sald\u0131r\u0131lar\u0131n\u0131n t\u0131rmand\u0131r\u0131lmas\u0131 yan\u0131s\u0131ra Direni\u015f ekseninin lideri ve Hizbullah Genel Sekreteri b\u00fcy\u00fck M\u00fccahit Say\u0131n Hasan Nasrallah&#8217;\u0131n \u015fehadeti ve Devrim Muhaf\u0131zlar\u0131&#8217;n\u0131n L\u00fcbnan&#8217;daki k\u0131demli dan\u0131\u015fman\u0131 Tu\u011fgeneral Abbas Nilfaru\u015fan&#8217;\u0131n \u015fehadeti\u2019ne kar\u015f\u0131l\u0131k olarak \u0130\u015fgal alt\u0131ndaki topraklar\u0131n derinliklerindeki \u00f6nemli askeri ve g\u00fcvenlik hedeflerine onlarca balistik f\u00fcze f\u0131rlat\u0131ld\u0131, detaylar\u0131na daha sonra de\u011finece\u011fiz.\u201d<\/p>\n<p style=\"text-align: justify;\">A\u00e7\u0131klamada \u015fu ifadelere yer verildi: &#8220;Bu operasyon, Y\u00fcksek Milli G\u00fcvenlik Kurulu&#8217;nun onay\u0131, Genelkurmay Ba\u015fkanl\u0131\u011f\u0131&#8217;n\u0131n bildirimi, \u0130ran \u0130slam Cumhuriyeti Ordusu ve Savunma Bakanl\u0131\u011f\u0131&#8217;n\u0131n deste\u011fiyle ger\u00e7ekle\u015ftirilmi\u015ftir.&#8221;<\/p>\n<p style=\"text-align: justify;\">Siyonist Varl\u0131\u011f\u0131n\u0131n, \u00fclkenin yasal haklar\u0131na ve uluslararas\u0131 hukuka uygun olan bu operasyona askeri kar\u015f\u0131l\u0131k vermesi halinde, daha ezici ve y\u0131k\u0131c\u0131 sald\u0131r\u0131larla kar\u015f\u0131 kar\u015f\u0131ya kalaca\u011f\u0131 uyar\u0131s\u0131nda bulunuldu.<\/p>\n<p style=\"text-align: center;\"><strong><a href=\"https:\/\/t.me\/SuriyeArapHaberAjansI\">Telegram Kanal\u0131m\u0131z\u00a0<\/a>||<a href=\"https:\/\/twitter.com\/arap_ajans\">X Platformumuz\u00a0<\/a>||<a href=\"https:\/\/www.facebook.com\/SANAHaberAjansi\/\">Facebook Sayfam\u0131z<\/a><\/strong><\/p>\n","protected":false},"excerpt":{"rendered":"<p>TAHRAN (SANA) &#8211; \u0130ran Devrim Muhaf\u0131zlar\u0131, Hizbullah Genel Sekreteri Seyyid Hasan Nasrullah, \u0130slami Direni\u015f Hareketi Siyasi B\u00fcrosu Ba\u015fkan\u0131 \u0130smail Haniyeh ve \u0130ran Devrim Muhaf\u0131zlar\u0131&#8217;n\u0131n lideri Abbas Nilfaru\u015fan&#8217;\u0131n \u015fehit olmalar\u0131na misilleme olarak i\u015fgal edilen Filistin topraklar\u0131n\u0131n derinliklerindeki d\u00fc\u015fman \u0130srail\u2019in hedef ald\u0131\u011f\u0131n\u0131 duyurdu. Devrim Muhaf\u0131zlar\u0131 a\u00e7\u0131klamas\u0131nda \u015fu ifadelere yer verildi: \u201cBirka\u00e7 dakika \u00f6nce, \u0130ran \u0130slam Cumhuriyeti&#8217;nin M\u00fccahit &hellip;<\/p>\n","protected":false},"author":41,"featured_media":309481,"comment_status":"closed","ping_status":"closed","sticky":false,"template":"","format":"standard","meta":{"footnotes":""},"categories":[458,589,459,17988],"tags":[26355,42542,42544,42545,42541,42543],"class_list":["post-309480","post","type-post","status-publish","format-standard","has-post-thumbnail","","category-dunya1","category-haber-seridi","category-haberler-arap-uluslararasi-politika","category-son-haberler","tag-iran-devrim-muhafizlari","tag-irandan-misilleme","tag-israil-fuzelere-tutuldu","tag-israil-iran-savasi-basladi","tag-tel-aviv-bombalaniyor","tag-tel-avive-fuze-yagmuru"],"_links":{"self":[{"href":"https:\/\/archive.sana.sy\/tr\/index.php?rest_route=\/wp\/v2\/posts\/309480","targetHints":{"allow":["GET"]}}],"collection":[{"href":"https:\/\/archive.sana.sy\/tr\/index.php?rest_route=\/wp\/v2\/posts"}],"about":[{"href":"https:\/\/archive.sana.sy\/tr\/index.php?rest_route=\/wp\/v2\/types\/post"}],"author":[{"embeddable":true,"href":"https:\/\/archive.sana.sy\/tr\/index.php?rest_route=\/wp\/v2\/users\/41"}],"replies":[{"embeddable":true,"href":"https:\/\/archive.sana.sy\/tr\/index.php?rest_route=%2Fwp%2Fv2%2Fcomments&post=309480"}],"version-history":[{"count":1,"href":"https:\/\/archive.sana.sy\/tr\/index.php?rest_route=\/wp\/v2\/posts\/309480\/revisions"}],"predecessor-version":[{"id":309482,"href":"https:\/\/archive.sana.sy\/tr\/index.php?rest_route=\/wp\/v2\/posts\/309480\/revisions\/309482"}],"wp:featuredmedia":[{"embeddable":true,"href":"https:\/\/archive.sana.sy\/tr\/index.php?rest_route=\/wp\/v2\/media\/309481"}],"wp:attachment":[{"href":"https:\/\/archive.sana.sy\/tr\/index.php?rest_route=%2Fwp%2Fv2%2Fmedia&parent=309480"}],"wp:term":[{"taxonomy":"category","embeddable":true,"href":"https:\/\/archive.sana.sy\/tr\/index.php?rest_route=%2Fwp%2Fv2%2Fcategories&post=309480"},{"taxonomy":"post_tag","embeddable":true,"href":"https:\/\/archive.sana.sy\/tr\/index.php?rest_route=%2Fwp%2Fv2%2Ftags&post=309480"}],"curies":[{"name":"wp","href":"https:\/\/api.w.org\/{rel}","templated":true}]}}