{"id":309483,"date":"2024-10-02T09:56:13","date_gmt":"2024-10-02T06:56:13","guid":{"rendered":"https:\/\/sana.sy\/tr\/?p=309483"},"modified":"2024-10-02T09:56:13","modified_gmt":"2024-10-02T06:56:13","slug":"israil-isgal-guclerinin-gazzede-multecilerin-barindigi-bir-okulu-bombalamasi-sonucu-duzinelerce-filistinli-sehit-dustu","status":"publish","type":"post","link":"https:\/\/archive.sana.sy\/tr\/?p=309483","title":{"rendered":"\u0130srail \u0130\u015fgal G\u00fc\u00e7lerinin Gazze&#8217;de M\u00fcltecilerin Bar\u0131nd\u0131\u011f\u0131 Bir Okulu Bombalamas\u0131 Sonucu D\u00fczinelerce Filistinli \u015fehit D\u00fc\u015ft\u00fc"},"content":{"rendered":"<p style=\"text-align: justify;\"><strong>\u0130\u015eGAL ED\u0130LEN KUD\u00dcS (SANA)<\/strong> \u2013 Soyk\u0131r\u0131m su\u00e7lar\u0131 362&#8217;nci g\u00fcn\u00fcnde de devam ederken, bug\u00fcn \u015fafak vakti \u0130srail i\u015fgal u\u00e7aklar\u0131n\u0131n Gazze \u015eeridi&#8217;nde m\u00fcltecilerin ya\u015fad\u0131\u011f\u0131 bir okulu bombalamas\u0131n\u0131n yan\u0131 s\u0131ra Gazze \u015eeridi&#8217;ndeki di\u011fer b\u00f6lgeleri de bombalamas\u0131 sonucu onlarca Filistinli \u015fehit d\u00fc\u015ft\u00fc.<\/p>\n<p style=\"text-align: justify;\">WAFA Haber Ajans\u0131, i\u015fgal u\u00e7aklar\u0131n\u0131n Gazze&#8217;de m\u00fcltecilerin bar\u0131nd\u0131\u011f\u0131 bir okul ve yetimhaneyi bombalad\u0131\u011f\u0131n\u0131, 9 Filistinlinin \u015fehit d\u00fc\u015ft\u00fc\u011f\u00fcn\u00fc, 20&#8217;den fazla ki\u015finin de yaraland\u0131\u011f\u0131n\u0131 belirterek, Gazze \u015eeridi&#8217;nin merkezindeki Nuseyrat kamp\u0131na y\u00f6nelik i\u015fgal sald\u0131rganl\u0131\u011f\u0131nda 3 Filistinlinin \u015fehit d\u00fc\u015ft\u00fc\u011f\u00fcn\u00fc ve di\u011ferlerinin de yaraland\u0131\u011f\u0131na i\u015faret etti.<\/p>\n<p style=\"text-align: justify;\">Ajans ayr\u0131ca, i\u015fgal u\u00e7aklar\u0131n\u0131n Gazze \u015eeridi&#8217;nin g\u00fcneyindeki Han Yunus \u015fehrinde yerinden edilmi\u015f ki\u015filerin ya\u015fad\u0131\u011f\u0131 bir evi bombalamas\u0131 sonucu \u00e7ok say\u0131da ki\u015finin \u015fehit d\u00fc\u015ft\u00fc\u011f\u00fcn\u00fc ve yaraland\u0131\u011f\u0131n\u0131 a\u00e7\u0131klayarak, \u0130\u015fgalin ambulanslar\u0131n eve yakla\u015fmas\u0131n\u0131 ve enkaz alt\u0131nda kalanlar\u0131 kurtarmas\u0131n\u0131 engelledi\u011fine dikkati \u00e7ekti.<\/p>\n<p style=\"text-align: center;\"><strong><a href=\"https:\/\/t.me\/SuriyeArapHaberAjansI\">Telegram Kanal\u0131m\u0131z\u00a0<\/a>||<a href=\"https:\/\/twitter.com\/arap_ajans\">X Platformumuz\u00a0<\/a>||<a href=\"https:\/\/www.facebook.com\/SANAHaberAjansi\/\">Facebook Sayfam\u0131z<\/a><\/strong><\/p>\n","protected":false},"excerpt":{"rendered":"<p>\u0130\u015eGAL ED\u0130LEN KUD\u00dcS (SANA) \u2013 Soyk\u0131r\u0131m su\u00e7lar\u0131 362&#8217;nci g\u00fcn\u00fcnde de devam ederken, bug\u00fcn \u015fafak vakti \u0130srail i\u015fgal u\u00e7aklar\u0131n\u0131n Gazze \u015eeridi&#8217;nde m\u00fcltecilerin ya\u015fad\u0131\u011f\u0131 bir okulu bombalamas\u0131n\u0131n yan\u0131 s\u0131ra Gazze \u015eeridi&#8217;ndeki di\u011fer b\u00f6lgeleri de bombalamas\u0131 sonucu onlarca Filistinli \u015fehit d\u00fc\u015ft\u00fc. WAFA Haber Ajans\u0131, i\u015fgal u\u00e7aklar\u0131n\u0131n Gazze&#8217;de m\u00fcltecilerin bar\u0131nd\u0131\u011f\u0131 bir okul ve yetimhaneyi bombalad\u0131\u011f\u0131n\u0131, 9 Filistinlinin \u015fehit d\u00fc\u015ft\u00fc\u011f\u00fcn\u00fc, &hellip;<\/p>\n","protected":false},"author":39,"featured_media":309484,"comment_status":"closed","ping_status":"closed","sticky":false,"template":"","format":"standard","meta":{"footnotes":""},"categories":[458,589,459,17988],"tags":[],"class_list":["post-309483","post","type-post","status-publish","format-standard","has-post-thumbnail","","category-dunya1","category-haber-seridi","category-haberler-arap-uluslararasi-politika","category-son-haberler"],"_links":{"self":[{"href":"https:\/\/archive.sana.sy\/tr\/index.php?rest_route=\/wp\/v2\/posts\/309483","targetHints":{"allow":["GET"]}}],"collection":[{"href":"https:\/\/archive.sana.sy\/tr\/index.php?rest_route=\/wp\/v2\/posts"}],"about":[{"href":"https:\/\/archive.sana.sy\/tr\/index.php?rest_route=\/wp\/v2\/types\/post"}],"author":[{"embeddable":true,"href":"https:\/\/archive.sana.sy\/tr\/index.php?rest_route=\/wp\/v2\/users\/39"}],"replies":[{"embeddable":true,"href":"https:\/\/archive.sana.sy\/tr\/index.php?rest_route=%2Fwp%2Fv2%2Fcomments&post=309483"}],"version-history":[{"count":1,"href":"https:\/\/archive.sana.sy\/tr\/index.php?rest_route=\/wp\/v2\/posts\/309483\/revisions"}],"predecessor-version":[{"id":309485,"href":"https:\/\/archive.sana.sy\/tr\/index.php?rest_route=\/wp\/v2\/posts\/309483\/revisions\/309485"}],"wp:featuredmedia":[{"embeddable":true,"href":"https:\/\/archive.sana.sy\/tr\/index.php?rest_route=\/wp\/v2\/media\/309484"}],"wp:attachment":[{"href":"https:\/\/archive.sana.sy\/tr\/index.php?rest_route=%2Fwp%2Fv2%2Fmedia&parent=309483"}],"wp:term":[{"taxonomy":"category","embeddable":true,"href":"https:\/\/archive.sana.sy\/tr\/index.php?rest_route=%2Fwp%2Fv2%2Fcategories&post=309483"},{"taxonomy":"post_tag","embeddable":true,"href":"https:\/\/archive.sana.sy\/tr\/index.php?rest_route=%2Fwp%2Fv2%2Ftags&post=309483"}],"curies":[{"name":"wp","href":"https:\/\/api.w.org\/{rel}","templated":true}]}}