{"id":309486,"date":"2024-10-02T11:12:50","date_gmt":"2024-10-02T08:12:50","guid":{"rendered":"https:\/\/sana.sy\/tr\/?p=309486"},"modified":"2024-10-02T11:34:31","modified_gmt":"2024-10-02T08:34:31","slug":"lubnan-direnisi-israil-isgal-guclerinin-el-adeyssa-kasabaya-sizma-girisimini-puskurttu","status":"publish","type":"post","link":"https:\/\/archive.sana.sy\/tr\/?p=309486","title":{"rendered":"L\u00fcbnan Direni\u015fi, \u0130srail \u0130\u015fgal G\u00fc\u00e7lerinin El Adeyssa Kasabaya S\u0131zma Giri\u015fimini P\u00fcsk\u00fcrtt\u00fc"},"content":{"rendered":"<p style=\"text-align: justify;\">BEYRUT (SANA) \u2013 L\u00fcbnan direni\u015fi, \u0130srail i\u015fgal g\u00fc\u00e7lerinin g\u00fcney L\u00fcbnan\u2019daki El Adeysse kasabas\u0131na s\u0131zma giri\u015fimini engelledi\u011fini, kay\u0131plara neden oldu\u011funu ve geri \u00e7ekilmeye zorland\u0131\u011f\u0131n\u0131 duyurdu.<\/p>\n<p style=\"text-align: justify;\">Direni\u015f bug\u00fcn yapt\u0131\u011f\u0131 a\u00e7\u0131klamada, \u201cGazze\u2019deki kararl\u0131 Filistinli halklar\u0131m\u0131za ve onurlu ve cesur direni\u015fine destek ve L\u00fcbnan\u2019\u0131 ve halk\u0131n\u0131 savunma olarak, sava\u015f\u00e7\u0131lar\u0131m\u0131z bug\u00fcn \u015fafak vakt\u0131 Halet El Mahafer istikametinden El Adeysse kasabas\u0131na s\u0131zmaya \u00e7al\u0131\u015fan d\u00fc\u015fman \u0130srail\u2019e ait biyade kuvvetini p\u00fcsk\u00fcrtt\u00fc, onunla \u00e7at\u0131\u015farak kay\u0131plar verdi ve geri \u00e7ekilmeye zorlad\u0131\u201d dedi.<\/p>\n<p style=\"text-align: justify;\">Direni\u015f ayr\u0131ca, di\u011fer a\u00e7\u0131klamas\u0131nda, \u0130srail d\u00fc\u015fman g\u00fc\u00e7lerinin \u015eumira k\u0131\u015flas\u0131nda toplanmas\u0131n\u0131 f\u00fczelerle hedef ald\u0131\u011f\u0131n\u0131 ve iki Burkan f\u00fczesiyle de \u015etula yerle\u015fimindeki d\u00fc\u015fman g\u00fc\u00e7lerini hedef ald\u0131\u011f\u0131n\u0131 ve kesin bir isabet sa\u011flad\u0131\u011f\u0131n\u0131 duyurdu.<\/p>\n<p style=\"text-align: justify;\">Direni\u015f, sava\u015f\u00e7\u0131lar\u0131n\u0131n Miskvam yerle\u015fimindeki b\u00fcy\u00fck bir piyade kuvvetini f\u00fcze ve top\u00e7u silahlar\u0131yla hedef ald\u0131\u011f\u0131n\u0131, do\u011frudan ve do\u011frulanm\u0131\u015f bir isabet sa\u011flad\u0131\u011f\u0131n\u0131 da kaydetti.<\/p>\n<p style=\"text-align: center;\"><strong><a href=\"https:\/\/t.me\/SuriyeArapHaberAjansI\">Telegram Kanal\u0131m\u0131z\u00a0<\/a>||<a href=\"https:\/\/twitter.com\/arap_ajans\">X Platformumuz\u00a0<\/a>||<a href=\"https:\/\/www.facebook.com\/SANAHaberAjansi\/\">Facebook Sayfam\u0131z<\/a><\/strong><\/p>\n","protected":false},"excerpt":{"rendered":"<p>BEYRUT (SANA) \u2013 L\u00fcbnan direni\u015fi, \u0130srail i\u015fgal g\u00fc\u00e7lerinin g\u00fcney L\u00fcbnan\u2019daki El Adeysse kasabas\u0131na s\u0131zma giri\u015fimini engelledi\u011fini, kay\u0131plara neden oldu\u011funu ve geri \u00e7ekilmeye zorland\u0131\u011f\u0131n\u0131 duyurdu. Direni\u015f bug\u00fcn yapt\u0131\u011f\u0131 a\u00e7\u0131klamada, \u201cGazze\u2019deki kararl\u0131 Filistinli halklar\u0131m\u0131za ve onurlu ve cesur direni\u015fine destek ve L\u00fcbnan\u2019\u0131 ve halk\u0131n\u0131 savunma olarak, sava\u015f\u00e7\u0131lar\u0131m\u0131z bug\u00fcn \u015fafak vakt\u0131 Halet El Mahafer istikametinden El Adeysse kasabas\u0131na &hellip;<\/p>\n","protected":false},"author":39,"featured_media":309487,"comment_status":"closed","ping_status":"closed","sticky":false,"template":"","format":"standard","meta":{"footnotes":""},"categories":[458,589,459,17988],"tags":[],"class_list":["post-309486","post","type-post","status-publish","format-standard","has-post-thumbnail","","category-dunya1","category-haber-seridi","category-haberler-arap-uluslararasi-politika","category-son-haberler"],"_links":{"self":[{"href":"https:\/\/archive.sana.sy\/tr\/index.php?rest_route=\/wp\/v2\/posts\/309486","targetHints":{"allow":["GET"]}}],"collection":[{"href":"https:\/\/archive.sana.sy\/tr\/index.php?rest_route=\/wp\/v2\/posts"}],"about":[{"href":"https:\/\/archive.sana.sy\/tr\/index.php?rest_route=\/wp\/v2\/types\/post"}],"author":[{"embeddable":true,"href":"https:\/\/archive.sana.sy\/tr\/index.php?rest_route=\/wp\/v2\/users\/39"}],"replies":[{"embeddable":true,"href":"https:\/\/archive.sana.sy\/tr\/index.php?rest_route=%2Fwp%2Fv2%2Fcomments&post=309486"}],"version-history":[{"count":4,"href":"https:\/\/archive.sana.sy\/tr\/index.php?rest_route=\/wp\/v2\/posts\/309486\/revisions"}],"predecessor-version":[{"id":309497,"href":"https:\/\/archive.sana.sy\/tr\/index.php?rest_route=\/wp\/v2\/posts\/309486\/revisions\/309497"}],"wp:featuredmedia":[{"embeddable":true,"href":"https:\/\/archive.sana.sy\/tr\/index.php?rest_route=\/wp\/v2\/media\/309487"}],"wp:attachment":[{"href":"https:\/\/archive.sana.sy\/tr\/index.php?rest_route=%2Fwp%2Fv2%2Fmedia&parent=309486"}],"wp:term":[{"taxonomy":"category","embeddable":true,"href":"https:\/\/archive.sana.sy\/tr\/index.php?rest_route=%2Fwp%2Fv2%2Fcategories&post=309486"},{"taxonomy":"post_tag","embeddable":true,"href":"https:\/\/archive.sana.sy\/tr\/index.php?rest_route=%2Fwp%2Fv2%2Ftags&post=309486"}],"curies":[{"name":"wp","href":"https:\/\/api.w.org\/{rel}","templated":true}]}}