{"id":3095,"date":"2014-06-15T12:12:15","date_gmt":"2014-06-15T09:12:15","guid":{"rendered":"http:\/\/sanasyria.org\/tr\/?p=3095"},"modified":"2014-06-15T12:12:27","modified_gmt":"2014-06-15T09:12:27","slug":"suriye-halkinin-guveniyle-daha-da-gucludur","status":"publish","type":"post","link":"https:\/\/archive.sana.sy\/tr\/?p=3095","title":{"rendered":"Suriye Halk\u0131n\u0131n G\u00fcveniyle Daha da G\u00fc\u00e7l\u00fcd\u00fcr"},"content":{"rendered":"<p><span style=\"color: #800000\">BEYRUT \u2013<\/span> L\u00fcbnan\u2019da bulunan Suriye B\u00fcy\u00fckel\u00e7ili\u011fi d\u00fcn, Cumhurba\u015fkan\u0131 Be\u015f\u015far el Esad\u2019\u0131n yeniden cumhurba\u015fkan\u0131 olarak se\u00e7ildi\u011fi demokrasi deneyimini, tebrik etmek ve kutlamak isteyen L\u00fcbnanl\u0131 \u015fahsiyet, heyet ve gruplar\u0131 a\u011f\u0131rlad\u0131\u011f\u0131 bir t\u00f6ren d\u00fczenledi.<\/p>\n<p>T\u00f6ren kat\u0131l\u0131mc\u0131lar\u0131 yapt\u0131klar\u0131 konu\u015fmalarda Suriye halk\u0131, ordusu ve y\u00f6netimini ter\u00f6r kar\u015f\u0131s\u0131nda kazanm\u0131\u015f olduklar\u0131 zafer dolay\u0131s\u0131yla kutlayarak b\u00fct\u00fcn d\u00fcnyaya \u00f6rnek te\u015fkil eden demokrasi deneyiminin \u201cSuriye Ulusu ve Halk\u0131n\u0131n G\u00fcveniyle Daha da G\u00fc\u00e7l\u00fcd\u00fcr\u201d mesaj\u0131n\u0131 somut olarak yans\u0131tt\u0131\u011f\u0131n\u0131 beyan ettiler.<\/p>\n<p><a href=\"http:\/\/sanasyria.org\/tr\/wp-content\/uploads\/2014\/06\/as-21.jpg\"><img loading=\"lazy\" decoding=\"async\" class=\"aligncenter wp-image-3097 size-full\" src=\"http:\/\/sanasyria.org\/tr\/wp-content\/uploads\/2014\/06\/as-21.jpg\" alt=\"as 2\" width=\"620\" height=\"330\" srcset=\"https:\/\/archive.sana.sy\/tr\/wp-content\/uploads\/2014\/06\/as-21.jpg 620w, https:\/\/archive.sana.sy\/tr\/wp-content\/uploads\/2014\/06\/as-21-150x79.jpg 150w, https:\/\/archive.sana.sy\/tr\/wp-content\/uploads\/2014\/06\/as-21-300x160.jpg 300w\" sizes=\"auto, (max-width: 620px) 100vw, 620px\" \/><\/a><\/p>\n","protected":false},"excerpt":{"rendered":"<p>BEYRUT \u2013 L\u00fcbnan\u2019da bulunan Suriye B\u00fcy\u00fckel\u00e7ili\u011fi d\u00fcn, Cumhurba\u015fkan\u0131 Be\u015f\u015far el Esad\u2019\u0131n yeniden cumhurba\u015fkan\u0131 olarak se\u00e7ildi\u011fi demokrasi deneyimini, tebrik etmek ve kutlamak isteyen L\u00fcbnanl\u0131 \u015fahsiyet, heyet ve gruplar\u0131 a\u011f\u0131rlad\u0131\u011f\u0131 bir t\u00f6ren d\u00fczenledi. T\u00f6ren kat\u0131l\u0131mc\u0131lar\u0131 yapt\u0131klar\u0131 konu\u015fmalarda Suriye halk\u0131, ordusu ve y\u00f6netimini ter\u00f6r kar\u015f\u0131s\u0131nda kazanm\u0131\u015f olduklar\u0131 zafer dolay\u0131s\u0131yla kutlayarak b\u00fct\u00fcn d\u00fcnyaya \u00f6rnek te\u015fkil eden demokrasi deneyiminin \u201cSuriye &hellip;<\/p>\n","protected":false},"author":1,"featured_media":3096,"comment_status":"closed","ping_status":"closed","sticky":false,"template":"","format":"standard","meta":{"footnotes":""},"categories":[458,459],"tags":[688],"class_list":["post-3095","post","type-post","status-publish","format-standard","has-post-thumbnail","","category-dunya1","category-haberler-arap-uluslararasi-politika","tag-suriye-halkinin-guveniyle-daha-da-gucludur"],"_links":{"self":[{"href":"https:\/\/archive.sana.sy\/tr\/index.php?rest_route=\/wp\/v2\/posts\/3095","targetHints":{"allow":["GET"]}}],"collection":[{"href":"https:\/\/archive.sana.sy\/tr\/index.php?rest_route=\/wp\/v2\/posts"}],"about":[{"href":"https:\/\/archive.sana.sy\/tr\/index.php?rest_route=\/wp\/v2\/types\/post"}],"author":[{"embeddable":true,"href":"https:\/\/archive.sana.sy\/tr\/index.php?rest_route=\/wp\/v2\/users\/1"}],"replies":[{"embeddable":true,"href":"https:\/\/archive.sana.sy\/tr\/index.php?rest_route=%2Fwp%2Fv2%2Fcomments&post=3095"}],"version-history":[{"count":0,"href":"https:\/\/archive.sana.sy\/tr\/index.php?rest_route=\/wp\/v2\/posts\/3095\/revisions"}],"wp:featuredmedia":[{"embeddable":true,"href":"https:\/\/archive.sana.sy\/tr\/index.php?rest_route=\/wp\/v2\/media\/3096"}],"wp:attachment":[{"href":"https:\/\/archive.sana.sy\/tr\/index.php?rest_route=%2Fwp%2Fv2%2Fmedia&parent=3095"}],"wp:term":[{"taxonomy":"category","embeddable":true,"href":"https:\/\/archive.sana.sy\/tr\/index.php?rest_route=%2Fwp%2Fv2%2Fcategories&post=3095"},{"taxonomy":"post_tag","embeddable":true,"href":"https:\/\/archive.sana.sy\/tr\/index.php?rest_route=%2Fwp%2Fv2%2Ftags&post=3095"}],"curies":[{"name":"wp","href":"https:\/\/api.w.org\/{rel}","templated":true}]}}