{"id":309501,"date":"2024-10-02T15:17:06","date_gmt":"2024-10-02T12:17:06","guid":{"rendered":"https:\/\/sana.sy\/tr\/?p=309501"},"modified":"2024-10-02T15:36:10","modified_gmt":"2024-10-02T12:36:10","slug":"cumhurbaskani-bessar-esadin-onunde-faysal-mikdad-cumhurbaskani-yardimcisi-olarak-anayasa-yeminini-etti","status":"publish","type":"post","link":"https:\/\/archive.sana.sy\/tr\/?p=309501","title":{"rendered":"Cumhurba\u015fkan\u0131 Be\u015f\u015far Esad&#8217;\u0131n \u00d6n\u00fcnde Faysal Mikdad, Cumhurba\u015fkan\u0131 Yard\u0131mc\u0131s\u0131 Olarak Anayasa Yeminini Etti"},"content":{"rendered":"","protected":false},"excerpt":{"rendered":"","protected":false},"author":41,"featured_media":0,"comment_status":"closed","ping_status":"closed","sticky":false,"template":"","format":"standard","meta":{"footnotes":""},"categories":[1],"tags":[],"class_list":["post-309501","post","type-post","status-publish","format-standard","","category-news-not-sorted"],"_links":{"self":[{"href":"https:\/\/archive.sana.sy\/tr\/index.php?rest_route=\/wp\/v2\/posts\/309501","targetHints":{"allow":["GET"]}}],"collection":[{"href":"https:\/\/archive.sana.sy\/tr\/index.php?rest_route=\/wp\/v2\/posts"}],"about":[{"href":"https:\/\/archive.sana.sy\/tr\/index.php?rest_route=\/wp\/v2\/types\/post"}],"author":[{"embeddable":true,"href":"https:\/\/archive.sana.sy\/tr\/index.php?rest_route=\/wp\/v2\/users\/41"}],"replies":[{"embeddable":true,"href":"https:\/\/archive.sana.sy\/tr\/index.php?rest_route=%2Fwp%2Fv2%2Fcomments&post=309501"}],"version-history":[{"count":1,"href":"https:\/\/archive.sana.sy\/tr\/index.php?rest_route=\/wp\/v2\/posts\/309501\/revisions"}],"predecessor-version":[{"id":309502,"href":"https:\/\/archive.sana.sy\/tr\/index.php?rest_route=\/wp\/v2\/posts\/309501\/revisions\/309502"}],"wp:attachment":[{"href":"https:\/\/archive.sana.sy\/tr\/index.php?rest_route=%2Fwp%2Fv2%2Fmedia&parent=309501"}],"wp:term":[{"taxonomy":"category","embeddable":true,"href":"https:\/\/archive.sana.sy\/tr\/index.php?rest_route=%2Fwp%2Fv2%2Fcategories&post=309501"},{"taxonomy":"post_tag","embeddable":true,"href":"https:\/\/archive.sana.sy\/tr\/index.php?rest_route=%2Fwp%2Fv2%2Ftags&post=309501"}],"curies":[{"name":"wp","href":"https:\/\/api.w.org\/{rel}","templated":true}]}}