{"id":309503,"date":"2024-10-02T15:23:59","date_gmt":"2024-10-02T12:23:59","guid":{"rendered":"https:\/\/sana.sy\/tr\/?p=309503"},"modified":"2024-10-03T08:05:42","modified_gmt":"2024-10-03T05:05:42","slug":"basbakan-iran-buyukelcisiyle-iki-ulke-arasindaki-iliskilerin-guclendirilmesini-gorustu","status":"publish","type":"post","link":"https:\/\/archive.sana.sy\/tr\/?p=309503","title":{"rendered":"Ba\u015fbakan, \u0130ran B\u00fcy\u00fckel\u00e7isiyle \u0130ki \u00dclke Aras\u0131ndaki \u0130li\u015fkilerin G\u00fc\u00e7lendirilmesini G\u00f6r\u00fc\u015ft\u00fc"},"content":{"rendered":"<p style=\"text-align: justify;\">\u015eAM (SANA) &#8211; Ba\u015fbakan\u00a0 Muhammed Gazi El Celali bug\u00fcn \u0130ran&#8217;\u0131n \u015eam B\u00fcy\u00fckel\u00e7isi H\u00fcseyin Ekberi ve beraberindeki heyetle bir araya gelerek, sava\u015ftan dolay\u0131 Suriye\u2019ye gelen L\u00fcbnanl\u0131lara destek sa\u011flanmas\u0131na y\u00f6nelik i\u015fbirli\u011fi yollar\u0131 \u00fczerinde duruldu.<\/p>\n<p style=\"text-align: justify;\"><img loading=\"lazy\" decoding=\"async\" class=\"size-full wp-image-309515 alignright\" src=\"http:\/\/sana.sy\/tr\/wp-content\/uploads\/2024\/10\/DHS02103-300x266-1.jpg\" alt=\"\" width=\"300\" height=\"266\" \/>G\u00f6r\u00fc\u015fmede, \u0130srail&#8217;in L\u00fcbnan ve Filistin halklar\u0131na y\u00f6nelik devam eden sald\u0131rganl\u0131\u011f\u0131, sivillere y\u00f6nelik katliamlar\u0131 ve \u015fehir ve k\u00f6ylerinden yerinden edilmeleri \u0131\u015f\u0131\u011f\u0131nda iki \u00fclke aras\u0131ndaki ili\u015fkilerin g\u00fc\u00e7lendirilmesi ve b\u00f6lgedeki olaylarda ya\u015fanan geli\u015fmeler ele al\u0131nd\u0131.<\/p>\n<p style=\"text-align: justify;\">El Celali, Suriye h\u00fck\u00fcmetinin, Cumhurba\u015fkan\u0131 Be\u015f\u015far Esad&#8217;\u0131n direktifleri alt\u0131nda, gelen L\u00fcbnanl\u0131 karde\u015flere h\u0131zl\u0131 m\u00fcdahale yoluyla gerekli her \u015feyi sa\u011flad\u0131\u011f\u0131n\u0131 ve kabullerini kolayla\u015ft\u0131rmak i\u00e7in baz\u0131 prosed\u00fcrlerde de\u011fi\u015fiklik yapt\u0131\u011f\u0131n\u0131 belirtirken, \u00e7e\u015fitli bakanl\u0131klar, Y\u00fcksek Yard\u0131m Komitesi ve valiliklerdeki alt kurullarla koordineli olarak onlar\u0131n ihtiya\u00e7lar\u0131n\u0131n kar\u015f\u0131lanmas\u0131 ve ikamet ettikleri yerlerdeki durumlar\u0131n\u0131n takip edilmesi i\u00e7in \u00e7al\u0131\u015fmalar yap\u0131ld\u0131\u011f\u0131n\u0131 vurgulad\u0131.<\/p>\n<p style=\"text-align: justify;\">Ba\u015fbakan El Celali ayr\u0131ca, Suriye&#8217;nin L\u00fcbnanl\u0131 gurbet\u00e7ilere destek sa\u011flanmas\u0131na katk\u0131 sa\u011flayacak her t\u00fcrl\u00fc giri\u015fime a\u00e7\u0131k oldu\u011funu, onlar\u0131n yan\u0131nda oldu\u011funu ve kap\u0131lar\u0131n\u0131n onlara a\u00e7\u0131k oldu\u011funu anlat\u0131rken, bir\u00e7ok Suriyeli ve L\u00fcbnanl\u0131 aileyi birbirine ba\u011flayan aile ba\u011flar\u0131na i\u015faret etti.<\/p>\n<p style=\"text-align: justify;\">\u0130ki taraf, Suriye&#8217;ye gelen L\u00fcbnanl\u0131lara \u00e7e\u015fitli insani yard\u0131m, yard\u0131m ve t\u0131bbi ihtiya\u00e7lar\u0131n sa\u011flanmas\u0131 ve yard\u0131m sa\u011flanmas\u0131 amac\u0131yla iki \u00fclke aras\u0131ndaki i\u015fbirli\u011fi mekanizmalar\u0131n\u0131 g\u00f6zden ge\u00e7irdi.<\/p>\n<p style=\"text-align: justify;\">\u0130ran b\u00fcy\u00fckel\u00e7isi ise, gerekli malzemelerin do\u011fru bir \u015fekilde temin edilmesini sa\u011flamak amac\u0131yla \u00fclkesinin, ihtiya\u00e7lar\u0131n kar\u015f\u0131lanmas\u0131n\u0131 sa\u011flayan mekanizmalara g\u00f6re Suriye&#8217;deki ilgili makamlarla koordineli olarak \u00e7e\u015fitli yard\u0131mlar sa\u011flamaya haz\u0131r oldu\u011funu ifade etti.<\/p>\n<p style=\"text-align: justify;\">G\u00f6r\u00fc\u015fmede ortak i\u015fbirli\u011fi projelerinin her t\u00fcrl\u00fc \u00f6zen ve dikkatle, iki karde\u015f \u00fclke ve halklar\u0131n \u00e7\u0131karlar\u0131 do\u011frultusunda s\u00fcrd\u00fcr\u00fclmesi konusundaki kararl\u0131l\u0131k da vurguland\u0131.<\/p>\n<p style=\"text-align: center;\"><strong><a href=\"https:\/\/t.me\/SuriyeArapHaberAjansI\">Telegram Kanal\u0131m\u0131z\u00a0<\/a>||<a href=\"https:\/\/twitter.com\/arap_ajans\">X Platformumuz\u00a0<\/a>||<a href=\"https:\/\/www.facebook.com\/SANAHaberAjansi\/\">Facebook Sayfam\u0131z<\/a><\/strong><\/p>\n","protected":false},"excerpt":{"rendered":"<p>\u015eAM (SANA) &#8211; Ba\u015fbakan\u00a0 Muhammed Gazi El Celali bug\u00fcn \u0130ran&#8217;\u0131n \u015eam B\u00fcy\u00fckel\u00e7isi H\u00fcseyin Ekberi ve beraberindeki heyetle bir araya gelerek, sava\u015ftan dolay\u0131 Suriye\u2019ye gelen L\u00fcbnanl\u0131lara destek sa\u011flanmas\u0131na y\u00f6nelik i\u015fbirli\u011fi yollar\u0131 \u00fczerinde duruldu. G\u00f6r\u00fc\u015fmede, \u0130srail&#8217;in L\u00fcbnan ve Filistin halklar\u0131na y\u00f6nelik devam eden sald\u0131rganl\u0131\u011f\u0131, sivillere y\u00f6nelik katliamlar\u0131 ve \u015fehir ve k\u00f6ylerinden yerinden edilmeleri \u0131\u015f\u0131\u011f\u0131nda iki \u00fclke aras\u0131ndaki &hellip;<\/p>\n","protected":false},"author":41,"featured_media":309505,"comment_status":"closed","ping_status":"closed","sticky":false,"template":"","format":"standard","meta":{"footnotes":""},"categories":[479,17988,478],"tags":[18703,42546],"class_list":["post-309503","post","type-post","status-publish","format-standard","has-post-thumbnail","","category-haberler-yerel","category-son-haberler","category-yerel","tag-basbakan","tag-iran-buyukelcisiyle-iki-ulke-arasindaki-iliskilerin-guclendirilmesini-gorustu"],"_links":{"self":[{"href":"https:\/\/archive.sana.sy\/tr\/index.php?rest_route=\/wp\/v2\/posts\/309503","targetHints":{"allow":["GET"]}}],"collection":[{"href":"https:\/\/archive.sana.sy\/tr\/index.php?rest_route=\/wp\/v2\/posts"}],"about":[{"href":"https:\/\/archive.sana.sy\/tr\/index.php?rest_route=\/wp\/v2\/types\/post"}],"author":[{"embeddable":true,"href":"https:\/\/archive.sana.sy\/tr\/index.php?rest_route=\/wp\/v2\/users\/41"}],"replies":[{"embeddable":true,"href":"https:\/\/archive.sana.sy\/tr\/index.php?rest_route=%2Fwp%2Fv2%2Fcomments&post=309503"}],"version-history":[{"count":3,"href":"https:\/\/archive.sana.sy\/tr\/index.php?rest_route=\/wp\/v2\/posts\/309503\/revisions"}],"predecessor-version":[{"id":309516,"href":"https:\/\/archive.sana.sy\/tr\/index.php?rest_route=\/wp\/v2\/posts\/309503\/revisions\/309516"}],"wp:featuredmedia":[{"embeddable":true,"href":"https:\/\/archive.sana.sy\/tr\/index.php?rest_route=\/wp\/v2\/media\/309505"}],"wp:attachment":[{"href":"https:\/\/archive.sana.sy\/tr\/index.php?rest_route=%2Fwp%2Fv2%2Fmedia&parent=309503"}],"wp:term":[{"taxonomy":"category","embeddable":true,"href":"https:\/\/archive.sana.sy\/tr\/index.php?rest_route=%2Fwp%2Fv2%2Fcategories&post=309503"},{"taxonomy":"post_tag","embeddable":true,"href":"https:\/\/archive.sana.sy\/tr\/index.php?rest_route=%2Fwp%2Fv2%2Ftags&post=309503"}],"curies":[{"name":"wp","href":"https:\/\/api.w.org\/{rel}","templated":true}]}}