{"id":309507,"date":"2024-10-02T17:32:26","date_gmt":"2024-10-02T14:32:26","guid":{"rendered":"https:\/\/sana.sy\/tr\/?p=309507"},"modified":"2024-10-03T19:31:47","modified_gmt":"2024-10-03T16:31:47","slug":"cumhurbaskani-bessar-esadin-onunde-dr-faysal-mikdad-cumhurbaskani-yardimcisi-olarak-yemin-etti","status":"publish","type":"post","link":"https:\/\/archive.sana.sy\/tr\/?p=309507","title":{"rendered":"Cumhurba\u015fkan\u0131 Be\u015f\u015far Esad&#8217;\u0131n \u00d6n\u00fcnde Dr. Faysal Mikdad, Cumhurba\u015fkan\u0131 Yard\u0131mc\u0131s\u0131 Olarak Yemin \u00a0Etti"},"content":{"rendered":"<p style=\"text-align: justify;\"><strong>\u015eAM (SANA) &#8211;<\/strong> Dr. Faysal Mikdad, Cumhurba\u015fkan\u0131 Be\u015f\u015far Esad&#8217;\u0131n \u00f6n\u00fcnde Cumhurba\u015fkan\u0131 Yard\u0131mc\u0131s\u0131 olarak yemin etti.<\/p>\n<p style=\"text-align: justify;\">Cumhurba\u015fkan\u0131 Esad, yemin t\u00f6reninin ard\u0131ndan Mikdad ile g\u00f6r\u00fc\u015ferek talimatlar\u0131n\u0131 verdi.<\/p>\n<div id='gallery-1' class='gallery galleryid-309507 gallery-columns-1 gallery-size-full'><figure class='gallery-item'>\n\t\t\t<div class='gallery-icon landscape'>\n\t\t\t\t<a href='https:\/\/archive.sana.sy\/tr\/?attachment_id=309509'><img loading=\"lazy\" decoding=\"async\" width=\"1280\" height=\"686\" src=\"https:\/\/archive.sana.sy\/tr\/wp-content\/uploads\/2024\/10\/photo_2024-10-02_14-51-58-1.jpg\" class=\"attachment-full size-full\" alt=\"\" srcset=\"https:\/\/archive.sana.sy\/tr\/wp-content\/uploads\/2024\/10\/photo_2024-10-02_14-51-58-1.jpg 1280w, https:\/\/archive.sana.sy\/tr\/wp-content\/uploads\/2024\/10\/photo_2024-10-02_14-51-58-1-300x161.jpg 300w, https:\/\/archive.sana.sy\/tr\/wp-content\/uploads\/2024\/10\/photo_2024-10-02_14-51-58-1-1024x549.jpg 1024w, https:\/\/archive.sana.sy\/tr\/wp-content\/uploads\/2024\/10\/photo_2024-10-02_14-51-58-1-768x412.jpg 768w, https:\/\/archive.sana.sy\/tr\/wp-content\/uploads\/2024\/10\/photo_2024-10-02_14-51-58-1-310x165.jpg 310w\" sizes=\"auto, (max-width: 1280px) 100vw, 1280px\" \/><\/a>\n\t\t\t<\/div><\/figure><figure class='gallery-item'>\n\t\t\t<div class='gallery-icon landscape'>\n\t\t\t\t<a href='https:\/\/archive.sana.sy\/tr\/?attachment_id=309508'><img loading=\"lazy\" decoding=\"async\" width=\"1280\" height=\"845\" src=\"https:\/\/archive.sana.sy\/tr\/wp-content\/uploads\/2024\/10\/photo_2024-10-02_15-09-23.jpg\" class=\"attachment-full size-full\" alt=\"\" srcset=\"https:\/\/archive.sana.sy\/tr\/wp-content\/uploads\/2024\/10\/photo_2024-10-02_15-09-23.jpg 1280w, https:\/\/archive.sana.sy\/tr\/wp-content\/uploads\/2024\/10\/photo_2024-10-02_15-09-23-300x198.jpg 300w, https:\/\/archive.sana.sy\/tr\/wp-content\/uploads\/2024\/10\/photo_2024-10-02_15-09-23-1024x676.jpg 1024w, https:\/\/archive.sana.sy\/tr\/wp-content\/uploads\/2024\/10\/photo_2024-10-02_15-09-23-768x507.jpg 768w, https:\/\/archive.sana.sy\/tr\/wp-content\/uploads\/2024\/10\/photo_2024-10-02_15-09-23-310x205.jpg 310w\" sizes=\"auto, (max-width: 1280px) 100vw, 1280px\" \/><\/a>\n\t\t\t<\/div><\/figure>\n\t\t<\/div>\n\n<p style=\"text-align: center;\"><strong><a href=\"https:\/\/t.me\/SuriyeArapHaberAjansI\">Telegram Kanal\u0131m\u0131z\u00a0<\/a><span style=\"color: #ff0000;\">||<\/span><a href=\"https:\/\/twitter.com\/arap_ajans\">X Platformumuz\u00a0<\/a><span style=\"color: #ff0000;\">||<\/span><a href=\"https:\/\/www.facebook.com\/SANAHaberAjansi\/\">Facebook Sayfam\u0131z<\/a><\/strong><\/p>\n","protected":false},"excerpt":{"rendered":"<p>\u015eAM (SANA) &#8211; Dr. Faysal Mikdad, Cumhurba\u015fkan\u0131 Be\u015f\u015far Esad&#8217;\u0131n \u00f6n\u00fcnde Cumhurba\u015fkan\u0131 Yard\u0131mc\u0131s\u0131 olarak yemin etti. Cumhurba\u015fkan\u0131 Esad, yemin t\u00f6reninin ard\u0131ndan Mikdad ile g\u00f6r\u00fc\u015ferek talimatlar\u0131n\u0131 verdi. Telegram Kanal\u0131m\u0131z\u00a0||X Platformumuz\u00a0||Facebook Sayfam\u0131z<\/p>\n","protected":false},"author":41,"featured_media":309511,"comment_status":"closed","ping_status":"closed","sticky":false,"template":"","format":"standard","meta":{"footnotes":""},"categories":[608,589,6459,605,17988],"tags":[42547,42548,19043,38641],"class_list":["post-309507","post","type-post","status-publish","format-standard","has-post-thumbnail","","category-etkinlikler","category-haber-seridi","category-sana-fotolarl","category-sayin-cumhurbaskani","category-son-haberler","tag-faysal-mikdad-kimdir","tag-suriyede-cumhurbaskani-yardimcisi-kimdir","tag-suriyede-son-durum","tag-suriyede-son-gelimeler"],"_links":{"self":[{"href":"https:\/\/archive.sana.sy\/tr\/index.php?rest_route=\/wp\/v2\/posts\/309507","targetHints":{"allow":["GET"]}}],"collection":[{"href":"https:\/\/archive.sana.sy\/tr\/index.php?rest_route=\/wp\/v2\/posts"}],"about":[{"href":"https:\/\/archive.sana.sy\/tr\/index.php?rest_route=\/wp\/v2\/types\/post"}],"author":[{"embeddable":true,"href":"https:\/\/archive.sana.sy\/tr\/index.php?rest_route=\/wp\/v2\/users\/41"}],"replies":[{"embeddable":true,"href":"https:\/\/archive.sana.sy\/tr\/index.php?rest_route=%2Fwp%2Fv2%2Fcomments&post=309507"}],"version-history":[{"count":2,"href":"https:\/\/archive.sana.sy\/tr\/index.php?rest_route=\/wp\/v2\/posts\/309507\/revisions"}],"predecessor-version":[{"id":309513,"href":"https:\/\/archive.sana.sy\/tr\/index.php?rest_route=\/wp\/v2\/posts\/309507\/revisions\/309513"}],"wp:featuredmedia":[{"embeddable":true,"href":"https:\/\/archive.sana.sy\/tr\/index.php?rest_route=\/wp\/v2\/media\/309511"}],"wp:attachment":[{"href":"https:\/\/archive.sana.sy\/tr\/index.php?rest_route=%2Fwp%2Fv2%2Fmedia&parent=309507"}],"wp:term":[{"taxonomy":"category","embeddable":true,"href":"https:\/\/archive.sana.sy\/tr\/index.php?rest_route=%2Fwp%2Fv2%2Fcategories&post=309507"},{"taxonomy":"post_tag","embeddable":true,"href":"https:\/\/archive.sana.sy\/tr\/index.php?rest_route=%2Fwp%2Fv2%2Ftags&post=309507"}],"curies":[{"name":"wp","href":"https:\/\/api.w.org\/{rel}","templated":true}]}}