{"id":309517,"date":"2024-10-02T12:03:37","date_gmt":"2024-10-02T09:03:37","guid":{"rendered":"https:\/\/sana.sy\/tr\/?p=309517"},"modified":"2024-10-02T16:08:48","modified_gmt":"2024-10-02T13:08:48","slug":"pezeskiyan-siyonistler-irana-saldirilarini-tekrarlarsa-cok-buyuk-bir-karsilik-alacaklardir","status":"publish","type":"post","link":"https:\/\/archive.sana.sy\/tr\/?p=309517","title":{"rendered":"Peze\u015fkiyan: Siyonistler \u0130ran&#8217;a Sald\u0131r\u0131lar\u0131n\u0131 Tekrarlarsa \u00c7ok B\u00fcy\u00fck Bir Kar\u015f\u0131l\u0131k Alacaklard\u0131r"},"content":{"rendered":"<p style=\"text-align: justify;\"><strong>TAHRAN (SANA) &#8211;<\/strong>\u00a0 \u0130ran Cumhurba\u015fkan\u0131 Mesud Peze\u015fkiyan, Siyonistlerin hata yap\u0131p \u0130ran&#8217;a y\u00f6nelik sald\u0131r\u0131lar\u0131n\u0131 tekrarlamalar\u0131 halinde, ezici bir kar\u015f\u0131l\u0131k alacaklar\u0131n\u0131 do\u011frulad\u0131.<\/p>\n<p style=\"text-align: justify;\">Peze\u015fkiyan bug\u00fcn \u0130ran h\u00fck\u00fcmeti toplant\u0131s\u0131nda \u015funlar\u0131 s\u00f6yledi: &#8220;\u0130ran halk\u0131n\u0131n onurundan taviz vermeyiz.&#8221;<\/p>\n<p style=\"text-align: justify;\">Perze\u015fkiyen ayr\u0131ca, \u0130ran Silahl\u0131 Kuvvetleri&#8217;nin (Sad\u0131k S\u00f6z 2) operasyonunun &#8220;s\u00f6zde Siyonist Demir Kubbe&#8217;nin camdan daha k\u0131r\u0131lgan oldu\u011funu&#8221; bir kez daha kan\u0131tlad\u0131\u011f\u0131n\u0131 vurgulad\u0131.<\/p>\n<p style=\"text-align: center;\"><strong><a href=\"https:\/\/t.me\/SuriyeArapHaberAjansI\">Telegram Kanal\u0131m\u0131z\u00a0<\/a>||<a href=\"https:\/\/twitter.com\/arap_ajans\">X Platformumuz\u00a0<\/a>||<a href=\"https:\/\/www.facebook.com\/SANAHaberAjansi\/\">Facebook Sayfam\u0131z<\/a><\/strong><\/p>\n","protected":false},"excerpt":{"rendered":"<p>TAHRAN (SANA) &#8211;\u00a0 \u0130ran Cumhurba\u015fkan\u0131 Mesud Peze\u015fkiyan, Siyonistlerin hata yap\u0131p \u0130ran&#8217;a y\u00f6nelik sald\u0131r\u0131lar\u0131n\u0131 tekrarlamalar\u0131 halinde, ezici bir kar\u015f\u0131l\u0131k alacaklar\u0131n\u0131 do\u011frulad\u0131. Peze\u015fkiyan bug\u00fcn \u0130ran h\u00fck\u00fcmeti toplant\u0131s\u0131nda \u015funlar\u0131 s\u00f6yledi: &#8220;\u0130ran halk\u0131n\u0131n onurundan taviz vermeyiz.&#8221; Perze\u015fkiyen ayr\u0131ca, \u0130ran Silahl\u0131 Kuvvetleri&#8217;nin (Sad\u0131k S\u00f6z 2) operasyonunun &#8220;s\u00f6zde Siyonist Demir Kubbe&#8217;nin camdan daha k\u0131r\u0131lgan oldu\u011funu&#8221; bir kez daha kan\u0131tlad\u0131\u011f\u0131n\u0131 vurgulad\u0131. Telegram &hellip;<\/p>\n","protected":false},"author":41,"featured_media":309518,"comment_status":"closed","ping_status":"closed","sticky":false,"template":"","format":"standard","meta":{"footnotes":""},"categories":[458,589,459,17988],"tags":[42550],"class_list":["post-309517","post","type-post","status-publish","format-standard","has-post-thumbnail","","category-dunya1","category-haber-seridi","category-haberler-arap-uluslararasi-politika","category-son-haberler","tag-pezeskiyan-siyonistler-irana-saldirilarini-tekrarlarsa-cok-buyuk-bir-karsilik-alacaklardir"],"_links":{"self":[{"href":"https:\/\/archive.sana.sy\/tr\/index.php?rest_route=\/wp\/v2\/posts\/309517","targetHints":{"allow":["GET"]}}],"collection":[{"href":"https:\/\/archive.sana.sy\/tr\/index.php?rest_route=\/wp\/v2\/posts"}],"about":[{"href":"https:\/\/archive.sana.sy\/tr\/index.php?rest_route=\/wp\/v2\/types\/post"}],"author":[{"embeddable":true,"href":"https:\/\/archive.sana.sy\/tr\/index.php?rest_route=\/wp\/v2\/users\/41"}],"replies":[{"embeddable":true,"href":"https:\/\/archive.sana.sy\/tr\/index.php?rest_route=%2Fwp%2Fv2%2Fcomments&post=309517"}],"version-history":[{"count":1,"href":"https:\/\/archive.sana.sy\/tr\/index.php?rest_route=\/wp\/v2\/posts\/309517\/revisions"}],"predecessor-version":[{"id":309519,"href":"https:\/\/archive.sana.sy\/tr\/index.php?rest_route=\/wp\/v2\/posts\/309517\/revisions\/309519"}],"wp:featuredmedia":[{"embeddable":true,"href":"https:\/\/archive.sana.sy\/tr\/index.php?rest_route=\/wp\/v2\/media\/309518"}],"wp:attachment":[{"href":"https:\/\/archive.sana.sy\/tr\/index.php?rest_route=%2Fwp%2Fv2%2Fmedia&parent=309517"}],"wp:term":[{"taxonomy":"category","embeddable":true,"href":"https:\/\/archive.sana.sy\/tr\/index.php?rest_route=%2Fwp%2Fv2%2Fcategories&post=309517"},{"taxonomy":"post_tag","embeddable":true,"href":"https:\/\/archive.sana.sy\/tr\/index.php?rest_route=%2Fwp%2Fv2%2Ftags&post=309517"}],"curies":[{"name":"wp","href":"https:\/\/api.w.org\/{rel}","templated":true}]}}