{"id":309520,"date":"2024-10-02T10:18:14","date_gmt":"2024-10-02T07:18:14","guid":{"rendered":"https:\/\/sana.sy\/tr\/?p=309520"},"modified":"2024-10-02T17:21:25","modified_gmt":"2024-10-02T14:21:25","slug":"lavrov-bolgede-barisin-saglanmasi-icin-arap-baskentleriyle-koordinasyonu-surdurmeliyiz","status":"publish","type":"post","link":"https:\/\/archive.sana.sy\/tr\/?p=309520","title":{"rendered":"Lavrov: B\u00f6lgede Bar\u0131\u015f\u0131n Sa\u011flanmas\u0131 \u0130\u00e7in Arap Ba\u015fkentleriyle Koordinasyonu S\u00fcrd\u00fcrmeliyiz"},"content":{"rendered":"<p style=\"text-align: justify;\"><strong>MOSKOVA (SANA)<\/strong> &#8211;\u00a0 Rusya D\u0131\u015fi\u015fleri Bakan\u0131 Sergey Lavrov, b\u00f6lgede kapsaml\u0131 bar\u0131\u015f\u0131n h\u0131zl\u0131 bir \u015fekilde sa\u011flanmas\u0131na ve 1967 s\u0131n\u0131rlar\u0131 i\u00e7erisinde ba\u015fkenti Do\u011fu Kud\u00fcs olan egemen bir Filistin devletinin kurulmas\u0131na hizmet edecek \u015fekilde Moskova ile Arap ba\u015fkentleri aras\u0131ndaki ad\u0131mlar\u0131 koordine etmeye devam edilmesi gerekti\u011fini vurgulad\u0131. .<\/p>\n<p style=\"text-align: justify;\">Rusya D\u0131\u015fi\u015fleri Bakanl\u0131\u011f\u0131 resmi s\u00f6zc\u00fcs\u00fc Maria Zakharova&#8217;ya g\u00f6re bu, Lavrov ile Arap \u00fclkelerinin Moskova&#8217;da akredite diplomatik misyon ba\u015fkanlar\u0131 aras\u0131nda bug\u00fcnk\u00fc toplant\u0131 s\u0131ras\u0131nda geldi.<\/p>\n<p style=\"text-align: justify;\">Toplant\u0131da b\u00f6lgede e\u015fi benzeri g\u00f6r\u00fclmemi\u015f gerilimin yan\u0131 s\u0131ra \u0130srail&#8217;in Gazze \u015eeridi ve L\u00fcbnan&#8217;a y\u00f6nelik devam eden ve \u00e7ok say\u0131da sivilin \u00f6l\u00fcm\u00fcyle sonu\u00e7lanan sald\u0131rganl\u0131\u011f\u0131na ili\u015fkin kapsaml\u0131 bir g\u00f6r\u00fc\u015fme yap\u0131ld\u0131.<\/p>\n<p style=\"text-align: justify;\">Zakharova ayr\u0131ca, kat\u0131l\u0131mc\u0131lar\u0131n b\u00f6lgede artan \u015fiddet ve askeri operasyonlar\u0131n kapsam\u0131n\u0131n geni\u015flemesinden duyduklar\u0131 kayg\u0131y\u0131 dile getirdiklerini belirterek, ilgili Birle\u015fmi\u015f Milletler ve G\u00fcvenlik Konseyi kararlar\u0131n\u0131n uygulanmas\u0131 \u00e7a\u011fr\u0131s\u0131nda bulundu.<\/p>\n<p style=\"text-align: center;\"><strong><a href=\"https:\/\/t.me\/SuriyeArapHaberAjansI\">Telegram Kanal\u0131m\u0131z\u00a0<\/a>||<a href=\"https:\/\/twitter.com\/arap_ajans\">X Platformumuz\u00a0<\/a>||<a href=\"https:\/\/www.facebook.com\/SANAHaberAjansi\/\">Facebook Sayfam\u0131z<\/a><\/strong><\/p>\n","protected":false},"excerpt":{"rendered":"<p>MOSKOVA (SANA) &#8211;\u00a0 Rusya D\u0131\u015fi\u015fleri Bakan\u0131 Sergey Lavrov, b\u00f6lgede kapsaml\u0131 bar\u0131\u015f\u0131n h\u0131zl\u0131 bir \u015fekilde sa\u011flanmas\u0131na ve 1967 s\u0131n\u0131rlar\u0131 i\u00e7erisinde ba\u015fkenti Do\u011fu Kud\u00fcs olan egemen bir Filistin devletinin kurulmas\u0131na hizmet edecek \u015fekilde Moskova ile Arap ba\u015fkentleri aras\u0131ndaki ad\u0131mlar\u0131 koordine etmeye devam edilmesi gerekti\u011fini vurgulad\u0131. . Rusya D\u0131\u015fi\u015fleri Bakanl\u0131\u011f\u0131 resmi s\u00f6zc\u00fcs\u00fc Maria Zakharova&#8217;ya g\u00f6re bu, Lavrov ile &hellip;<\/p>\n","protected":false},"author":41,"featured_media":309521,"comment_status":"closed","ping_status":"closed","sticky":false,"template":"","format":"standard","meta":{"footnotes":""},"categories":[458,589,459,17988],"tags":[42551],"class_list":["post-309520","post","type-post","status-publish","format-standard","has-post-thumbnail","","category-dunya1","category-haber-seridi","category-haberler-arap-uluslararasi-politika","category-son-haberler","tag-lavrov-bolgede-barisin-saglanmasi-icin-arap-baskentleriyle-koordinasyonu-surdurmeliyiz"],"_links":{"self":[{"href":"https:\/\/archive.sana.sy\/tr\/index.php?rest_route=\/wp\/v2\/posts\/309520","targetHints":{"allow":["GET"]}}],"collection":[{"href":"https:\/\/archive.sana.sy\/tr\/index.php?rest_route=\/wp\/v2\/posts"}],"about":[{"href":"https:\/\/archive.sana.sy\/tr\/index.php?rest_route=\/wp\/v2\/types\/post"}],"author":[{"embeddable":true,"href":"https:\/\/archive.sana.sy\/tr\/index.php?rest_route=\/wp\/v2\/users\/41"}],"replies":[{"embeddable":true,"href":"https:\/\/archive.sana.sy\/tr\/index.php?rest_route=%2Fwp%2Fv2%2Fcomments&post=309520"}],"version-history":[{"count":1,"href":"https:\/\/archive.sana.sy\/tr\/index.php?rest_route=\/wp\/v2\/posts\/309520\/revisions"}],"predecessor-version":[{"id":309522,"href":"https:\/\/archive.sana.sy\/tr\/index.php?rest_route=\/wp\/v2\/posts\/309520\/revisions\/309522"}],"wp:featuredmedia":[{"embeddable":true,"href":"https:\/\/archive.sana.sy\/tr\/index.php?rest_route=\/wp\/v2\/media\/309521"}],"wp:attachment":[{"href":"https:\/\/archive.sana.sy\/tr\/index.php?rest_route=%2Fwp%2Fv2%2Fmedia&parent=309520"}],"wp:term":[{"taxonomy":"category","embeddable":true,"href":"https:\/\/archive.sana.sy\/tr\/index.php?rest_route=%2Fwp%2Fv2%2Fcategories&post=309520"},{"taxonomy":"post_tag","embeddable":true,"href":"https:\/\/archive.sana.sy\/tr\/index.php?rest_route=%2Fwp%2Fv2%2Ftags&post=309520"}],"curies":[{"name":"wp","href":"https:\/\/api.w.org\/{rel}","templated":true}]}}