{"id":309530,"date":"2024-10-02T16:42:53","date_gmt":"2024-10-02T13:42:53","guid":{"rendered":"https:\/\/sana.sy\/tr\/?p=309530"},"modified":"2024-10-03T19:30:52","modified_gmt":"2024-10-03T16:30:52","slug":"israilin-samin-mezze-mahallesine-duzenledigi-saldirganlikta-3-sivil-sehit-dustu-3-sivil-de-yaralandi","status":"publish","type":"post","link":"https:\/\/archive.sana.sy\/tr\/?p=309530","title":{"rendered":"\u0130srail&#8217;in \u015eam&#8217;\u0131n Mezze Mahallesine D\u00fczenledi\u011fi Sald\u0131rganl\u0131kta 3 Sivil \u015eehit D\u00fc\u015ft\u00fc, 3 Sivil De Yaraland\u0131"},"content":{"rendered":"<p style=\"text-align: justify;\"><strong>\u015eAM (SANA)<\/strong> &#8211;\u00a0 \u0130srail&#8217;in \u015eam&#8217;\u0131n Mezze mahallesinde bir konut binas\u0131n\u0131 hedef alan sald\u0131rganl\u0131\u011f\u0131nda 3 sivil \u015fehit oldu, 3 sivil de yaraland\u0131.<\/p>\n<p style=\"text-align: justify;\">Askeri kaynak SANA\u2019ya yapt\u0131\u011f\u0131 a\u00e7\u0131klamada, \u2018\u2019Bug\u00fcn saat 17.25 s\u0131ralar\u0131nda D\u00fc\u015fman \u0130srail, i\u015fgal alt\u0131ndaki Suriye Golan y\u00f6n\u00fcnden \u015eam&#8217;\u0131n Mezze mahallesindeki bir konut binas\u0131n\u0131 hedef alan bir hava sald\u0131rganl\u0131\u011f\u0131 ba\u015flatt\u0131&#8221; dedi.<\/p>\n<p style=\"text-align: justify;\">Kaynak ayr\u0131ca, &#8221;\u0130srail sald\u0131rganl\u0131\u011f\u0131\u00a0 3 sivilin \u015fehit d\u00fc\u015fmesine , 3 sivilin de yaralanmas\u0131na, \u00e7evredeki \u00f6zel m\u00fclkte ise maddi hasara yol a\u00e7t\u0131\u2019\u2019 ifadelerini kulland\u0131.<\/p>\n<p style=\"text-align: center;\"><strong><a href=\"https:\/\/t.me\/SuriyeArapHaberAjansI\">Telegram Kanal\u0131m\u0131z\u00a0<\/a>||<a href=\"https:\/\/twitter.com\/arap_ajans\">X Platformumuz\u00a0<\/a>||<a href=\"https:\/\/www.facebook.com\/SANAHaberAjansi\/\">Facebook Sayfam\u0131z<\/a><\/strong><\/p>\n<div id='gallery-1' class='gallery galleryid-309530 gallery-columns-2 gallery-size-thumbnail'><figure class='gallery-item'>\n\t\t\t<div class='gallery-icon landscape'>\n\t\t\t\t<a href='https:\/\/archive.sana.sy\/tr\/?attachment_id=309572'><img loading=\"lazy\" decoding=\"async\" width=\"150\" height=\"150\" src=\"https:\/\/archive.sana.sy\/tr\/wp-content\/uploads\/2024\/10\/2-150x150.jpg\" class=\"attachment-thumbnail size-thumbnail\" alt=\"\" \/><\/a>\n\t\t\t<\/div><\/figure><figure class='gallery-item'>\n\t\t\t<div class='gallery-icon landscape'>\n\t\t\t\t<a href='https:\/\/archive.sana.sy\/tr\/?attachment_id=309573'><img loading=\"lazy\" decoding=\"async\" width=\"150\" height=\"150\" src=\"https:\/\/archive.sana.sy\/tr\/wp-content\/uploads\/2024\/10\/1-2-150x150.jpg\" class=\"attachment-thumbnail size-thumbnail\" alt=\"\" \/><\/a>\n\t\t\t<\/div><\/figure>\n\t\t<\/div>\n\n","protected":false},"excerpt":{"rendered":"<p>\u015eAM (SANA) &#8211;\u00a0 \u0130srail&#8217;in \u015eam&#8217;\u0131n Mezze mahallesinde bir konut binas\u0131n\u0131 hedef alan sald\u0131rganl\u0131\u011f\u0131nda 3 sivil \u015fehit oldu, 3 sivil de yaraland\u0131. Askeri kaynak SANA\u2019ya yapt\u0131\u011f\u0131 a\u00e7\u0131klamada, \u2018\u2019Bug\u00fcn saat 17.25 s\u0131ralar\u0131nda D\u00fc\u015fman \u0130srail, i\u015fgal alt\u0131ndaki Suriye Golan y\u00f6n\u00fcnden \u015eam&#8217;\u0131n Mezze mahallesindeki bir konut binas\u0131n\u0131 hedef alan bir hava sald\u0131rganl\u0131\u011f\u0131 ba\u015flatt\u0131&#8221; dedi. Kaynak ayr\u0131ca, &#8221;\u0130srail sald\u0131rganl\u0131\u011f\u0131\u00a0 3 &hellip;<\/p>\n","protected":false},"author":41,"featured_media":309570,"comment_status":"closed","ping_status":"closed","sticky":false,"template":"","format":"standard","meta":{"footnotes":""},"categories":[479,17988,478],"tags":[42555,42554],"class_list":["post-309530","post","type-post","status-publish","format-standard","has-post-thumbnail","","category-haberler-yerel","category-son-haberler","category-yerel","tag-3-sivil-de-yaralandi","tag-israilin-samin-mezze-mahallesine-duzenledigi-saldirganlikta-3-sivil-sehit-dustu"],"_links":{"self":[{"href":"https:\/\/archive.sana.sy\/tr\/index.php?rest_route=\/wp\/v2\/posts\/309530","targetHints":{"allow":["GET"]}}],"collection":[{"href":"https:\/\/archive.sana.sy\/tr\/index.php?rest_route=\/wp\/v2\/posts"}],"about":[{"href":"https:\/\/archive.sana.sy\/tr\/index.php?rest_route=\/wp\/v2\/types\/post"}],"author":[{"embeddable":true,"href":"https:\/\/archive.sana.sy\/tr\/index.php?rest_route=\/wp\/v2\/users\/41"}],"replies":[{"embeddable":true,"href":"https:\/\/archive.sana.sy\/tr\/index.php?rest_route=%2Fwp%2Fv2%2Fcomments&post=309530"}],"version-history":[{"count":4,"href":"https:\/\/archive.sana.sy\/tr\/index.php?rest_route=\/wp\/v2\/posts\/309530\/revisions"}],"predecessor-version":[{"id":309574,"href":"https:\/\/archive.sana.sy\/tr\/index.php?rest_route=\/wp\/v2\/posts\/309530\/revisions\/309574"}],"wp:featuredmedia":[{"embeddable":true,"href":"https:\/\/archive.sana.sy\/tr\/index.php?rest_route=\/wp\/v2\/media\/309570"}],"wp:attachment":[{"href":"https:\/\/archive.sana.sy\/tr\/index.php?rest_route=%2Fwp%2Fv2%2Fmedia&parent=309530"}],"wp:term":[{"taxonomy":"category","embeddable":true,"href":"https:\/\/archive.sana.sy\/tr\/index.php?rest_route=%2Fwp%2Fv2%2Fcategories&post=309530"},{"taxonomy":"post_tag","embeddable":true,"href":"https:\/\/archive.sana.sy\/tr\/index.php?rest_route=%2Fwp%2Fv2%2Ftags&post=309530"}],"curies":[{"name":"wp","href":"https:\/\/api.w.org\/{rel}","templated":true}]}}