{"id":309536,"date":"2024-10-02T12:37:08","date_gmt":"2024-10-02T09:37:08","guid":{"rendered":"https:\/\/sana.sy\/tr\/?p=309536"},"modified":"2024-10-03T18:07:32","modified_gmt":"2024-10-03T15:07:32","slug":"suriye-teror-varligin-sivillerine-ve-komsu-ulkelere-yonelik-tekrarlanan-suc-niteligindeki-saldirganliklarini-siddetli-bir-sekilde-kinadi","status":"publish","type":"post","link":"https:\/\/archive.sana.sy\/tr\/?p=309536","title":{"rendered":"Suriye, Ter\u00f6r Varl\u0131\u011f\u0131n Sivillerine Ve Kom\u015fu \u00dclkelere Y\u00f6nelik Tekrarlanan Su\u00e7 Niteli\u011findeki Sald\u0131rganl\u0131klar\u0131n\u0131 \u015eiddetli Bir \u015eekilde K\u0131nad\u0131"},"content":{"rendered":"<p style=\"text-align: justify;\"><strong>\u015eAM <\/strong><strong>(SANA)<\/strong> &#8211; D\u0131\u015fi\u015fleri ve Gurbet\u00e7iler Bakanl\u0131\u011f\u0131, \u015eam&#8217;\u0131n Mezze mahallesinde bir konut binas\u0131n\u0131 hedef alan ve sivillerin \u015fehit d\u00fc\u015fmesine, yaralanmas\u0131na ve \u00f6zel m\u00fclkte ciddi hasara yol a\u00e7an ac\u0131mas\u0131z \u0130srail sald\u0131rganl\u0131\u011f\u0131n\u0131 k\u0131nad\u0131.<\/p>\n<p style=\"text-align: justify;\">D\u0131\u015fi\u015fleri ve Gurbe\u00e7ler Bakanl\u0131\u011f\u0131\u00a0 \u00a0SANA&#8217;n\u0131n bir n\u00fcshas\u0131n\u0131 ald\u0131\u011f\u0131 a\u00e7\u0131klamada, &#8221;Siyonist varl\u0131k, Suriye&#8217;ye ve b\u00f6lge \u00fclkelerine y\u00f6nelik kriminal yakla\u015f\u0131m\u0131n\u0131n devam\u0131 olarak bug\u00fcn \u015eam&#8217;\u0131n merkezinde sivillerin yo\u011fun oldu\u011fu bir b\u00f6lgede bir konut binas\u0131na sald\u0131rarak yeni bir su\u00e7 i\u015fledi. Bu sald\u0131rganl\u0131k 3 sivilin \u015fehit olmas\u0131na, \u00e7ok say\u0131da sivilin yaralanmas\u0131na ve \u00f6zel m\u00fclkiyetin zarar g\u00f6rmesine yol a\u00e7t\u0131&#8221; dedi.<\/p>\n<p style=\"text-align: justify;\">Bakanl\u0131k a\u00e7\u0131klamas\u0131nda ayr\u0131ca \u015fu ifadelere yer verildi: &#8221;Suriye, ter\u00f6r \u00f6rg\u00fct\u00fcn\u00fcn sivillere ve kom\u015fu \u00fclkelere y\u00f6nelik tekrarlanan su\u00e7 niteli\u011findeki sald\u0131r\u0131lar\u0131n\u0131 g\u00fc\u00e7l\u00fc bir \u015fekilde k\u0131n\u0131yor vw-veG\u00fcvenlik Konseyi&#8217;ni bir kez daha sessizli\u011fini b\u0131rak\u0131p, i\u015fgal ve sald\u0131rganl\u0131k politikalar\u0131na son vererek, \u0130srail sava\u015f su\u00e7lular\u0131ndan hesap sorarak sorumluluklar\u0131n\u0131 \u00fcstlenmeye \u00e7a\u011f\u0131r\u0131yor.&#8221;<\/p>\n<p style=\"text-align: center;\"><strong><a href=\"https:\/\/t.me\/SuriyeArapHaberAjansI\">Telegram Kanal\u0131m\u0131z\u00a0<\/a>||<a href=\"https:\/\/twitter.com\/arap_ajans\">X Platformumuz\u00a0<\/a>||<a href=\"https:\/\/www.facebook.com\/SANAHaberAjansi\/\">Facebook Sayfam\u0131z<\/a><\/strong><\/p>\n","protected":false},"excerpt":{"rendered":"<p>\u015eAM (SANA) &#8211; D\u0131\u015fi\u015fleri ve Gurbet\u00e7iler Bakanl\u0131\u011f\u0131, \u015eam&#8217;\u0131n Mezze mahallesinde bir konut binas\u0131n\u0131 hedef alan ve sivillerin \u015fehit d\u00fc\u015fmesine, yaralanmas\u0131na ve \u00f6zel m\u00fclkte ciddi hasara yol a\u00e7an ac\u0131mas\u0131z \u0130srail sald\u0131rganl\u0131\u011f\u0131n\u0131 k\u0131nad\u0131. D\u0131\u015fi\u015fleri ve Gurbe\u00e7ler Bakanl\u0131\u011f\u0131\u00a0 \u00a0SANA&#8217;n\u0131n bir n\u00fcshas\u0131n\u0131 ald\u0131\u011f\u0131 a\u00e7\u0131klamada, &#8221;Siyonist varl\u0131k, Suriye&#8217;ye ve b\u00f6lge \u00fclkelerine y\u00f6nelik kriminal yakla\u015f\u0131m\u0131n\u0131n devam\u0131 olarak bug\u00fcn \u015eam&#8217;\u0131n merkezinde sivillerin &hellip;<\/p>\n","protected":false},"author":41,"featured_media":309537,"comment_status":"closed","ping_status":"closed","sticky":false,"template":"","format":"standard","meta":{"footnotes":""},"categories":[479,17988,478],"tags":[],"class_list":["post-309536","post","type-post","status-publish","format-standard","has-post-thumbnail","","category-haberler-yerel","category-son-haberler","category-yerel"],"_links":{"self":[{"href":"https:\/\/archive.sana.sy\/tr\/index.php?rest_route=\/wp\/v2\/posts\/309536","targetHints":{"allow":["GET"]}}],"collection":[{"href":"https:\/\/archive.sana.sy\/tr\/index.php?rest_route=\/wp\/v2\/posts"}],"about":[{"href":"https:\/\/archive.sana.sy\/tr\/index.php?rest_route=\/wp\/v2\/types\/post"}],"author":[{"embeddable":true,"href":"https:\/\/archive.sana.sy\/tr\/index.php?rest_route=\/wp\/v2\/users\/41"}],"replies":[{"embeddable":true,"href":"https:\/\/archive.sana.sy\/tr\/index.php?rest_route=%2Fwp%2Fv2%2Fcomments&post=309536"}],"version-history":[{"count":2,"href":"https:\/\/archive.sana.sy\/tr\/index.php?rest_route=\/wp\/v2\/posts\/309536\/revisions"}],"predecessor-version":[{"id":309543,"href":"https:\/\/archive.sana.sy\/tr\/index.php?rest_route=\/wp\/v2\/posts\/309536\/revisions\/309543"}],"wp:featuredmedia":[{"embeddable":true,"href":"https:\/\/archive.sana.sy\/tr\/index.php?rest_route=\/wp\/v2\/media\/309537"}],"wp:attachment":[{"href":"https:\/\/archive.sana.sy\/tr\/index.php?rest_route=%2Fwp%2Fv2%2Fmedia&parent=309536"}],"wp:term":[{"taxonomy":"category","embeddable":true,"href":"https:\/\/archive.sana.sy\/tr\/index.php?rest_route=%2Fwp%2Fv2%2Fcategories&post=309536"},{"taxonomy":"post_tag","embeddable":true,"href":"https:\/\/archive.sana.sy\/tr\/index.php?rest_route=%2Fwp%2Fv2%2Ftags&post=309536"}],"curies":[{"name":"wp","href":"https:\/\/api.w.org\/{rel}","templated":true}]}}