{"id":309577,"date":"2024-10-03T06:47:12","date_gmt":"2024-10-03T03:47:12","guid":{"rendered":"https:\/\/sana.sy\/tr\/?p=309577"},"modified":"2024-10-03T17:49:57","modified_gmt":"2024-10-03T14:49:57","slug":"lubnan-direnisi-guney-lubnana-sizan-israil-dusman-kuvvetleri-saflarinda-olu-ve-yaralilar-birakti","status":"publish","type":"post","link":"https:\/\/archive.sana.sy\/tr\/?p=309577","title":{"rendered":"L\u00fcbnan Direni\u015fi, G\u00fcney L\u00fcbnan&#8217;a S\u0131zan \u0130srail D\u00fc\u015fman Kuvvetleri Saflar\u0131nda \u00d6l\u00fc Ve Yaral\u0131lar B\u0131rakt\u0131"},"content":{"rendered":"<p style=\"text-align: justify;\"><strong>BEYRUT (SANA)<\/strong> &#8211; L\u00fcbnan direni\u015fi, i\u015fgal alt\u0131ndaki Filistin ile s\u0131n\u0131r b\u00f6lgelerine s\u0131zmaya \u00e7al\u0131\u015fan \u0130srail d\u00fc\u015fman g\u00fc\u00e7leriyle y\u00fczle\u015fmeye devam ederken saflar\u0131na \u00f6l\u00fc ve yaral\u0131lar b\u0131rakt\u0131. \u00a0Direni\u015f ayn\u0131 zamanda askerlerinin \u00e7e\u015fitli yer ve yerle\u015fimlerdeki toplant\u0131lar\u0131n\u0131 da hedef ald\u0131.<\/p>\n<p style=\"text-align: justify;\">Direni\u015f \u00e7e\u015fitli a\u00e7\u0131klamalarda \u015funlar\u0131 s\u00f6yledi: &#8220;Gazze \u015eeridi&#8217;ndeki kararl\u0131 Filistin halk\u0131m\u0131za, \u00a0ve onlar\u0131n cesur ve onurlu direni\u015fine destek, L\u00fcbnan&#8217;\u0131 ve halk\u0131n\u0131 savunma ve \u0130srail&#8217;in \u015fehirleri, k\u00f6yleri ve sivilleri barbarca i\u015fgaline yan\u0131t olarak d\u00fc\u015fman \u0130srail piyade kuvveti Yarn kasabas\u0131n\u0131n mezarl\u0131\u011f\u0131na s\u0131zmaya \u00e7al\u0131\u015f\u0131rken, direni\u015f sava\u015f\u00e7\u0131lar\u0131 ilerleyen kuvvette bir Siccil bombas\u0131 patlatt\u0131 ve onlar\u0131 \u00f6l\u00fc ve yaral\u0131 b\u0131rakt\u0131.\u201d<\/p>\n<p style=\"text-align: justify;\">Direni\u015f, ba\u015fka bir a\u00e7\u0131klamas\u0131nda, \u2018\u2019Sava\u015f\u00e7\u0131lar\u0131m\u0131z, Marun El Ras kasabas\u0131n\u0131n Tartira b\u00f6lgesinde Golani Tugay\u0131&#8217;ndan g\u00fc\u00e7l\u00fc bir patlay\u0131c\u0131y\u0131 patlatarak onlar\u0131 \u00f6l\u00fc ve yaral\u0131 b\u0131rakt\u0131. Natova yerle\u015fimindeki bir Merkava tank\u0131n\u0131 g\u00fcd\u00fcml\u00fc f\u00fczeyle hedef alman\u0131n yan\u0131 s\u0131ra, iki patlay\u0131c\u0131 cihazla \u015fehre s\u0131zmaya \u00e7al\u0131\u015fan d\u00fc\u015fman \u0130srail piyade kuvvetini de hedef ald\u0131lar\u2019\u2019 ifadelerini kulland\u0131.<\/p>\n<p style=\"text-align: justify;\">Direni\u015f, Avivim, El Bassa, \u015eomira, Sa&#8217;sa, Kafar Giladi, Tantu&#8217;a, Ramim k\u0131\u015flas\u0131, El Re\u015fid b\u00f6lgesi, Hir\u015f Misqvam ve kasaban\u0131n d\u0131\u015f mahallelerindeki yerle\u015fimlerdeki d\u00fc\u015fman kuvvetlerinin yo\u011funla\u015fmas\u0131n\u0131 hedef ald\u0131\u011f\u0131n\u0131 do\u011frulad\u0131. \u00a0Direni\u015f ayr\u0131ca i\u015fgal alt\u0131ndaki Tabareyya \u015fehrini de f\u00fczeyle hedef ald\u0131\u011f\u0131n\u0131 kaydetti.<\/p>\n<p style=\"text-align: justify;\">Direni\u015f bug\u00fcn erken saatlerde Hanita, Miskav Am yerle\u015fimi, Fatima Kap\u0131s\u0131, Yaroun ve Admit b\u00f6lgelerindeki \u0130srail d\u00fc\u015fman\u0131n\u0131 hedef ald\u0131\u011f\u0131n\u0131 duyurmu\u015ftu.<\/p>\n<p style=\"text-align: center;\"><strong><a href=\"https:\/\/t.me\/SuriyeArapHaberAjansI\">Telegram Kanal\u0131m\u0131z\u00a0<\/a>||<a href=\"https:\/\/twitter.com\/arap_ajans\">X Platformumuz\u00a0<\/a>||<a href=\"https:\/\/www.facebook.com\/SANAHaberAjansi\/\">Facebook Sayfam\u0131z<\/a><\/strong><\/p>\n","protected":false},"excerpt":{"rendered":"<p>BEYRUT (SANA) &#8211; L\u00fcbnan direni\u015fi, i\u015fgal alt\u0131ndaki Filistin ile s\u0131n\u0131r b\u00f6lgelerine s\u0131zmaya \u00e7al\u0131\u015fan \u0130srail d\u00fc\u015fman g\u00fc\u00e7leriyle y\u00fczle\u015fmeye devam ederken saflar\u0131na \u00f6l\u00fc ve yaral\u0131lar b\u0131rakt\u0131. \u00a0Direni\u015f ayn\u0131 zamanda askerlerinin \u00e7e\u015fitli yer ve yerle\u015fimlerdeki toplant\u0131lar\u0131n\u0131 da hedef ald\u0131. Direni\u015f \u00e7e\u015fitli a\u00e7\u0131klamalarda \u015funlar\u0131 s\u00f6yledi: &#8220;Gazze \u015eeridi&#8217;ndeki kararl\u0131 Filistin halk\u0131m\u0131za, \u00a0ve onlar\u0131n cesur ve onurlu direni\u015fine destek, L\u00fcbnan&#8217;\u0131 ve &hellip;<\/p>\n","protected":false},"author":41,"featured_media":309578,"comment_status":"closed","ping_status":"closed","sticky":false,"template":"","format":"standard","meta":{"footnotes":""},"categories":[458,589,459,17988],"tags":[42558,31415,41324],"class_list":["post-309577","post","type-post","status-publish","format-standard","has-post-thumbnail","","category-dunya1","category-haber-seridi","category-haberler-arap-uluslararasi-politika","category-son-haberler","tag-guney-lubnana-sizan-israil-dusman-kuvvetleri-saflarinda-olu-ve-yaralilar-birakti","tag-lubnan-direnisi","tag-lubnanda-son-gelimeler"],"_links":{"self":[{"href":"https:\/\/archive.sana.sy\/tr\/index.php?rest_route=\/wp\/v2\/posts\/309577","targetHints":{"allow":["GET"]}}],"collection":[{"href":"https:\/\/archive.sana.sy\/tr\/index.php?rest_route=\/wp\/v2\/posts"}],"about":[{"href":"https:\/\/archive.sana.sy\/tr\/index.php?rest_route=\/wp\/v2\/types\/post"}],"author":[{"embeddable":true,"href":"https:\/\/archive.sana.sy\/tr\/index.php?rest_route=\/wp\/v2\/users\/41"}],"replies":[{"embeddable":true,"href":"https:\/\/archive.sana.sy\/tr\/index.php?rest_route=%2Fwp%2Fv2%2Fcomments&post=309577"}],"version-history":[{"count":1,"href":"https:\/\/archive.sana.sy\/tr\/index.php?rest_route=\/wp\/v2\/posts\/309577\/revisions"}],"predecessor-version":[{"id":309579,"href":"https:\/\/archive.sana.sy\/tr\/index.php?rest_route=\/wp\/v2\/posts\/309577\/revisions\/309579"}],"wp:featuredmedia":[{"embeddable":true,"href":"https:\/\/archive.sana.sy\/tr\/index.php?rest_route=\/wp\/v2\/media\/309578"}],"wp:attachment":[{"href":"https:\/\/archive.sana.sy\/tr\/index.php?rest_route=%2Fwp%2Fv2%2Fmedia&parent=309577"}],"wp:term":[{"taxonomy":"category","embeddable":true,"href":"https:\/\/archive.sana.sy\/tr\/index.php?rest_route=%2Fwp%2Fv2%2Fcategories&post=309577"},{"taxonomy":"post_tag","embeddable":true,"href":"https:\/\/archive.sana.sy\/tr\/index.php?rest_route=%2Fwp%2Fv2%2Ftags&post=309577"}],"curies":[{"name":"wp","href":"https:\/\/api.w.org\/{rel}","templated":true}]}}