{"id":309580,"date":"2024-10-03T18:06:05","date_gmt":"2024-10-03T15:06:05","guid":{"rendered":"https:\/\/sana.sy\/tr\/?p=309580"},"modified":"2024-10-04T18:39:09","modified_gmt":"2024-10-04T15:39:09","slug":"buyukelci-ala-suriye-lubnandaki-tehlikeli-durumu-bitirecek-bir-arap-kararini-sabirsizlikla-bekliyor","status":"publish","type":"post","link":"https:\/\/archive.sana.sy\/tr\/?p=309580","title":{"rendered":"B\u00fcy\u00fckel\u00e7i Ala: Suriye, L\u00fcbnan&#8217;daki Tehlikeli Durumu Bitirecek Bir Arap Karar\u0131n\u0131 Sab\u0131rs\u0131zl\u0131kla Bekliyor"},"content":{"rendered":"<p style=\"text-align: justify;\"><strong>KAH\u0130RE (SANA) &#8211;<\/strong> \u00a0Suriye&#8217;nin Arap Devletleri Birli\u011fi&#8217;ndeki daimi temsilcisi B\u00fcy\u00fckel\u00e7i H\u00fcsamettin Ala, Suriye&#8217;nin, \u0130srail&#8217;in L\u00fcbnan&#8217;a y\u00f6nelik devam eden sald\u0131rganl\u0131\u011f\u0131n\u0131n bir sonucu olarak L\u00fcbnan&#8217;da i\u00e7inde bulundu\u011fu tehlikeli durumu ortadan kald\u0131racak ve bu karde\u015f \u00fclkeyi destekleyecek bir Arap karar\u0131 ortaya koyma arzusunu dile getirerek, \u00a0Suriye&#8217;nin L\u00fcbnan halk\u0131yla tam dayan\u0131\u015fma i\u00e7inde oldu\u011funu ve kar\u015f\u0131la\u015ft\u0131\u011f\u0131 a\u011f\u0131r zorluklara ve y\u00fcklere ra\u011fmen destek ve yard\u0131m sa\u011flamaya haz\u0131r oldu\u011funu yineledi.<\/p>\n<p style=\"text-align: justify;\">B\u00fcy\u00fckel\u00e7i Ala, Suriye&#8217;nin L\u00fcbnan halk\u0131yla tam dayan\u0131\u015fma i\u00e7inde oldu\u011funu ve kar\u015f\u0131la\u015ft\u0131\u011f\u0131 zorluklara ve a\u011f\u0131r y\u00fcklere ra\u011fmen destek ve yard\u0131m sa\u011flamaya haz\u0131r oldu\u011funu vurgularken, Cumhurba\u015fkan\u0131 Be\u015f\u015far Esad&#8217;\u0131n direktifleri alt\u0131nda, karde\u015f L\u00fcbnan&#8217;dan gelenlere ve oradan yerinden edilenlere insani ihtiya\u00e7lar, bar\u0131nma ve \u00fccretsiz t\u0131bbi bak\u0131m sa\u011flamak i\u00e7in h\u00fck\u00fcmet ve \u00f6zel \u00e7abalar\u0131n seferber edildi\u011fini belirtti.<\/p>\n<p style=\"text-align: justify;\">Suriye&#8217;nin \u0130srail&#8217;in karde\u015f L\u00fcbnan&#8217;a y\u00f6nelik sald\u0131rganl\u0131\u011f\u0131n\u0131 ve L\u00fcbnan topraklar\u0131n\u0131n baz\u0131 k\u0131s\u0131mlar\u0131n\u0131 i\u015fgal etme veya yeniden i\u015fgal etme giri\u015fimlerini tamamen k\u0131nad\u0131\u011f\u0131n\u0131 ve bu sald\u0131rganl\u0131\u011f\u0131n derhal durdurulmas\u0131 talebini vurgulayan Ala, BM G\u00fcvenlik Konseyi&#8217;nin, uluslararas\u0131 bar\u0131\u015f ve g\u00fcvenli\u011fin korunmas\u0131 konusunda Birle\u015fmi\u015f Milletler T\u00fcz\u00fc\u011f\u00fc&#8217;n\u00fcn kendisine verdi\u011fi sorumluluklar\u0131 ta\u015f\u0131mas\u0131 ve k\u00f6r \u0130srail \u00f6l\u00fcm makinesini cayd\u0131rmak ve \u00e7ok y\u00f6nl\u00fc \u0130srail sald\u0131rganl\u0131\u011f\u0131n\u0131 durdurmak i\u00e7in acil eyleme ge\u00e7mek i\u00e7in inisiyatif almas\u0131 gerekti\u011fine dikkat \u00e7ekti.<\/p>\n<p style=\"text-align: justify;\">B\u00fcy\u00fckel\u00e7i Ala, ABD&#8217;nin uluslararas\u0131 me\u015fruiyete kar\u015f\u0131 bu haydut yap\u0131ya sa\u011flad\u0131\u011f\u0131 askeri, maddi ve siyasi destek olmasayd\u0131 ve onu cezadan korusayd\u0131 i\u015fgalin Filistin, L\u00fcbnan ve Suriye&#8217;ye y\u00f6nelik sald\u0131rganl\u0131\u011f\u0131n\u0131n devam\u0131n\u0131n ger\u00e7ekle\u015femeyece\u011fini ifade ederken de, \u0130srail&#8217;in i\u015fgal alt\u0131ndaki t\u00fcm Filistin, Suriye ve L\u00fcbnan topraklar\u0131ndaki i\u015fgaline son verilmedi\u011fi ve G\u00fcvenlik Konseyi&#8217;nin 242, 338 ve 497 say\u0131l\u0131 Kararlar dahil olmak \u00fczere \u00a0Arap-\u0130srail \u00e7at\u0131\u015fmas\u0131na ili\u015fkin kararlar\u0131 uygulanmad\u0131\u011f\u0131 s\u00fcrece b\u00f6lgenin istikrara kavu\u015fmayaca\u011f\u0131n\u0131 bir kez daha vurgulad\u0131.<\/p>\n<p style=\"text-align: center;\"><strong><a href=\"https:\/\/t.me\/SuriyeArapHaberAjansI\">Telegram Kanal\u0131m\u0131z\u00a0<\/a>||<a href=\"https:\/\/twitter.com\/arap_ajans\">X Platformumuz\u00a0<\/a>||<a href=\"https:\/\/www.facebook.com\/SANAHaberAjansi\/\">Facebook Sayfam\u0131z<\/a><\/strong><\/p>\n","protected":false},"excerpt":{"rendered":"<p>KAH\u0130RE (SANA) &#8211; \u00a0Suriye&#8217;nin Arap Devletleri Birli\u011fi&#8217;ndeki daimi temsilcisi B\u00fcy\u00fckel\u00e7i H\u00fcsamettin Ala, Suriye&#8217;nin, \u0130srail&#8217;in L\u00fcbnan&#8217;a y\u00f6nelik devam eden sald\u0131rganl\u0131\u011f\u0131n\u0131n bir sonucu olarak L\u00fcbnan&#8217;da i\u00e7inde bulundu\u011fu tehlikeli durumu ortadan kald\u0131racak ve bu karde\u015f \u00fclkeyi destekleyecek bir Arap karar\u0131 ortaya koyma arzusunu dile getirerek, \u00a0Suriye&#8217;nin L\u00fcbnan halk\u0131yla tam dayan\u0131\u015fma i\u00e7inde oldu\u011funu ve kar\u015f\u0131la\u015ft\u0131\u011f\u0131 a\u011f\u0131r zorluklara ve y\u00fcklere &hellip;<\/p>\n","protected":false},"author":41,"featured_media":309581,"comment_status":"closed","ping_status":"closed","sticky":false,"template":"","format":"standard","meta":{"footnotes":""},"categories":[458,589,459,17988],"tags":[42559,42560],"class_list":["post-309580","post","type-post","status-publish","format-standard","has-post-thumbnail","","category-dunya1","category-haber-seridi","category-haberler-arap-uluslararasi-politika","category-son-haberler","tag-buyukelci-ala-suriye","tag-lubnandaki-tehlikeli-durumu-bitirecek-bir-arap-kararini-sabirsizlikla-bekliyor"],"_links":{"self":[{"href":"https:\/\/archive.sana.sy\/tr\/index.php?rest_route=\/wp\/v2\/posts\/309580","targetHints":{"allow":["GET"]}}],"collection":[{"href":"https:\/\/archive.sana.sy\/tr\/index.php?rest_route=\/wp\/v2\/posts"}],"about":[{"href":"https:\/\/archive.sana.sy\/tr\/index.php?rest_route=\/wp\/v2\/types\/post"}],"author":[{"embeddable":true,"href":"https:\/\/archive.sana.sy\/tr\/index.php?rest_route=\/wp\/v2\/users\/41"}],"replies":[{"embeddable":true,"href":"https:\/\/archive.sana.sy\/tr\/index.php?rest_route=%2Fwp%2Fv2%2Fcomments&post=309580"}],"version-history":[{"count":1,"href":"https:\/\/archive.sana.sy\/tr\/index.php?rest_route=\/wp\/v2\/posts\/309580\/revisions"}],"predecessor-version":[{"id":309582,"href":"https:\/\/archive.sana.sy\/tr\/index.php?rest_route=\/wp\/v2\/posts\/309580\/revisions\/309582"}],"wp:featuredmedia":[{"embeddable":true,"href":"https:\/\/archive.sana.sy\/tr\/index.php?rest_route=\/wp\/v2\/media\/309581"}],"wp:attachment":[{"href":"https:\/\/archive.sana.sy\/tr\/index.php?rest_route=%2Fwp%2Fv2%2Fmedia&parent=309580"}],"wp:term":[{"taxonomy":"category","embeddable":true,"href":"https:\/\/archive.sana.sy\/tr\/index.php?rest_route=%2Fwp%2Fv2%2Fcategories&post=309580"},{"taxonomy":"post_tag","embeddable":true,"href":"https:\/\/archive.sana.sy\/tr\/index.php?rest_route=%2Fwp%2Fv2%2Ftags&post=309580"}],"curies":[{"name":"wp","href":"https:\/\/api.w.org\/{rel}","templated":true}]}}