{"id":309584,"date":"2024-10-03T19:27:07","date_gmt":"2024-10-03T16:27:07","guid":{"rendered":"https:\/\/sana.sy\/tr\/?p=309584"},"modified":"2024-10-04T18:39:34","modified_gmt":"2024-10-04T15:39:34","slug":"mikdad-urdun-disisleri-bakanindan-yeni-gorevine-atanmasindan-dolayi-kendisini-tebrik-ettigi-bir-telefon-aldi","status":"publish","type":"post","link":"https:\/\/archive.sana.sy\/tr\/?p=309584","title":{"rendered":"Mikdad, \u00dcrd\u00fcn D\u0131\u015fi\u015fleri Bakan\u0131&#8217;ndan Yeni G\u00f6revine Atanmas\u0131ndan Dolay\u0131 Kendisini Tebrik Etti\u011fi Bir Telefon Ald\u0131"},"content":{"rendered":"<p style=\"text-align: justify;\"><strong>\u015eAM (SANA) &#8211;<\/strong> Cumhurba\u015fkan\u0131 Yard\u0131mc\u0131s\u0131 Faysal Mikdad, \u00dcrd\u00fcn D\u0131\u015fi\u015fleri Bakan\u0131 Eymen Safadi&#8217;den kendisini cumhurba\u015fkan\u0131 yard\u0131mc\u0131s\u0131 g\u00f6revine atanmas\u0131ndan dolay\u0131 tebrik etti\u011fi bir telefon ald\u0131.<\/p>\n<p style=\"text-align: justify;\">G\u00f6r\u00fc\u015fmede b\u00f6lgenin kar\u015f\u0131 kar\u015f\u0131ya oldu\u011fu geli\u015fmeler, tehlikeler ve bunlarla m\u00fccadele i\u00e7in koordinasyon ihtiyac\u0131 ele al\u0131nd\u0131.<\/p>\n<p style=\"text-align: center;\"><strong><a href=\"https:\/\/t.me\/SuriyeArapHaberAjansI\">Telegram Kanal\u0131m\u0131z\u00a0<\/a><span style=\"color: #ff0000;\">||<\/span><a href=\"https:\/\/twitter.com\/arap_ajans\">X Platformumuz\u00a0<\/a><span style=\"color: #ff0000;\">||<\/span><a href=\"https:\/\/www.facebook.com\/SANAHaberAjansi\/\">Facebook Sayfam\u0131z<\/a><\/strong><\/p>\n","protected":false},"excerpt":{"rendered":"<p>\u015eAM (SANA) &#8211; Cumhurba\u015fkan\u0131 Yard\u0131mc\u0131s\u0131 Faysal Mikdad, \u00dcrd\u00fcn D\u0131\u015fi\u015fleri Bakan\u0131 Eymen Safadi&#8217;den kendisini cumhurba\u015fkan\u0131 yard\u0131mc\u0131s\u0131 g\u00f6revine atanmas\u0131ndan dolay\u0131 tebrik etti\u011fi bir telefon ald\u0131. G\u00f6r\u00fc\u015fmede b\u00f6lgenin kar\u015f\u0131 kar\u015f\u0131ya oldu\u011fu geli\u015fmeler, tehlikeler ve bunlarla m\u00fccadele i\u00e7in koordinasyon ihtiyac\u0131 ele al\u0131nd\u0131. Telegram Kanal\u0131m\u0131z\u00a0||X Platformumuz\u00a0||Facebook Sayfam\u0131z<\/p>\n","protected":false},"author":41,"featured_media":309585,"comment_status":"closed","ping_status":"closed","sticky":false,"template":"","format":"standard","meta":{"footnotes":""},"categories":[458,589,459,17988],"tags":[38328,42561],"class_list":["post-309584","post","type-post","status-publish","format-standard","has-post-thumbnail","","category-dunya1","category-haber-seridi","category-haberler-arap-uluslararasi-politika","category-son-haberler","tag-mikdad","tag-urdun-disisleri-bakanindan-yeni-gorevine-atanmasindan-dolayi-kendisini-tebrik-ettigi-bir-telefon-aldi"],"_links":{"self":[{"href":"https:\/\/archive.sana.sy\/tr\/index.php?rest_route=\/wp\/v2\/posts\/309584","targetHints":{"allow":["GET"]}}],"collection":[{"href":"https:\/\/archive.sana.sy\/tr\/index.php?rest_route=\/wp\/v2\/posts"}],"about":[{"href":"https:\/\/archive.sana.sy\/tr\/index.php?rest_route=\/wp\/v2\/types\/post"}],"author":[{"embeddable":true,"href":"https:\/\/archive.sana.sy\/tr\/index.php?rest_route=\/wp\/v2\/users\/41"}],"replies":[{"embeddable":true,"href":"https:\/\/archive.sana.sy\/tr\/index.php?rest_route=%2Fwp%2Fv2%2Fcomments&post=309584"}],"version-history":[{"count":1,"href":"https:\/\/archive.sana.sy\/tr\/index.php?rest_route=\/wp\/v2\/posts\/309584\/revisions"}],"predecessor-version":[{"id":309586,"href":"https:\/\/archive.sana.sy\/tr\/index.php?rest_route=\/wp\/v2\/posts\/309584\/revisions\/309586"}],"wp:featuredmedia":[{"embeddable":true,"href":"https:\/\/archive.sana.sy\/tr\/index.php?rest_route=\/wp\/v2\/media\/309585"}],"wp:attachment":[{"href":"https:\/\/archive.sana.sy\/tr\/index.php?rest_route=%2Fwp%2Fv2%2Fmedia&parent=309584"}],"wp:term":[{"taxonomy":"category","embeddable":true,"href":"https:\/\/archive.sana.sy\/tr\/index.php?rest_route=%2Fwp%2Fv2%2Fcategories&post=309584"},{"taxonomy":"post_tag","embeddable":true,"href":"https:\/\/archive.sana.sy\/tr\/index.php?rest_route=%2Fwp%2Fv2%2Ftags&post=309584"}],"curies":[{"name":"wp","href":"https:\/\/api.w.org\/{rel}","templated":true}]}}