{"id":309587,"date":"2024-10-03T13:30:59","date_gmt":"2024-10-03T10:30:59","guid":{"rendered":"https:\/\/sana.sy\/tr\/?p=309587"},"modified":"2024-10-03T19:40:57","modified_gmt":"2024-10-03T16:40:57","slug":"soykirimin-baslangicindan-bu-yana-gazze-seridinde-41-788-sehit","status":"publish","type":"post","link":"https:\/\/archive.sana.sy\/tr\/?p=309587","title":{"rendered":"Soyk\u0131r\u0131m\u0131n Ba\u015flang\u0131c\u0131ndan Bu Yana Gazze \u015eeridi&#8217;nde 41.788 \u015eehit"},"content":{"rendered":"<p style=\"text-align: justify;\"><strong>\u0130\u015eGAL ED\u0130LEN KUD\u00dcS (SANA)<\/strong> &#8211;\u00a0 Filistin Sa\u011fl\u0131k Bakanl\u0131\u011f\u0131, i\u015fgalci \u0130srail\u2019in Gazze \u015eeridi&#8217;nde son 24 saatte 8 katliam ger\u00e7ekle\u015ftirdi\u011fini, 99 \u015fehit ve 169 yaral\u0131n\u0131n kald\u0131\u011f\u0131n\u0131 duyurdu.<\/p>\n<p style=\"text-align: justify;\">Bakanl\u0131k bug\u00fcn yapt\u0131\u011f\u0131 a\u00e7\u0131klamada \u015funlar\u0131 s\u00f6yledi: \u2018\u2019Gazze \u015eeridi&#8217;nde 363&#8217;\u00fcnc\u00fc g\u00fcn\u00fcnde devam eden i\u015fgal sald\u0131rganl\u0131\u011f\u0131n\u0131n kurbanlar\u0131n\u0131n say\u0131s\u0131 41 bin 788 \u015fehit ve 96 bin 794 yaral\u0131ya y\u00fckseldi. \u00c7ok say\u0131da ma\u011fdur halen enkaz alt\u0131nda ve yollardayken, ambulans ve sivil savunma ekipleri onlara ula\u015fam\u0131yor.\u2019\u2019<\/p>\n<p style=\"text-align: justify;\">\u0130\u015fgalcilerin bug\u00fcn sabah saatlerinden itibaren Gazze \u015eeridi&#8217;nin \u00e7e\u015fitli b\u00f6lgelerini bombalamas\u0131 sonucu 12 Filistinli \u015fehit oldu.<\/p>\n<p style=\"text-align: center;\"><strong><a href=\"https:\/\/t.me\/SuriyeArapHaberAjansI\">Telegram Kanal\u0131m\u0131z\u00a0<\/a>||<a href=\"https:\/\/twitter.com\/arap_ajans\">X Platformumuz\u00a0<\/a>||<a href=\"https:\/\/www.facebook.com\/SANAHaberAjansi\/\">Facebook Sayfam\u0131z<\/a><\/strong><\/p>\n","protected":false},"excerpt":{"rendered":"<p>\u0130\u015eGAL ED\u0130LEN KUD\u00dcS (SANA) &#8211;\u00a0 Filistin Sa\u011fl\u0131k Bakanl\u0131\u011f\u0131, i\u015fgalci \u0130srail\u2019in Gazze \u015eeridi&#8217;nde son 24 saatte 8 katliam ger\u00e7ekle\u015ftirdi\u011fini, 99 \u015fehit ve 169 yaral\u0131n\u0131n kald\u0131\u011f\u0131n\u0131 duyurdu. Bakanl\u0131k bug\u00fcn yapt\u0131\u011f\u0131 a\u00e7\u0131klamada \u015funlar\u0131 s\u00f6yledi: \u2018\u2019Gazze \u015eeridi&#8217;nde 363&#8217;\u00fcnc\u00fc g\u00fcn\u00fcnde devam eden i\u015fgal sald\u0131rganl\u0131\u011f\u0131n\u0131n kurbanlar\u0131n\u0131n say\u0131s\u0131 41 bin 788 \u015fehit ve 96 bin 794 yaral\u0131ya y\u00fckseldi. \u00c7ok say\u0131da ma\u011fdur halen &hellip;<\/p>\n","protected":false},"author":41,"featured_media":309588,"comment_status":"closed","ping_status":"closed","sticky":false,"template":"","format":"standard","meta":{"footnotes":""},"categories":[458,589,459,17988],"tags":[42562],"class_list":["post-309587","post","type-post","status-publish","format-standard","has-post-thumbnail","","category-dunya1","category-haber-seridi","category-haberler-arap-uluslararasi-politika","category-son-haberler","tag-soykirimin-baslangicindan-bu-yana-gazze-seridinde-41-788-sehit"],"_links":{"self":[{"href":"https:\/\/archive.sana.sy\/tr\/index.php?rest_route=\/wp\/v2\/posts\/309587","targetHints":{"allow":["GET"]}}],"collection":[{"href":"https:\/\/archive.sana.sy\/tr\/index.php?rest_route=\/wp\/v2\/posts"}],"about":[{"href":"https:\/\/archive.sana.sy\/tr\/index.php?rest_route=\/wp\/v2\/types\/post"}],"author":[{"embeddable":true,"href":"https:\/\/archive.sana.sy\/tr\/index.php?rest_route=\/wp\/v2\/users\/41"}],"replies":[{"embeddable":true,"href":"https:\/\/archive.sana.sy\/tr\/index.php?rest_route=%2Fwp%2Fv2%2Fcomments&post=309587"}],"version-history":[{"count":1,"href":"https:\/\/archive.sana.sy\/tr\/index.php?rest_route=\/wp\/v2\/posts\/309587\/revisions"}],"predecessor-version":[{"id":309589,"href":"https:\/\/archive.sana.sy\/tr\/index.php?rest_route=\/wp\/v2\/posts\/309587\/revisions\/309589"}],"wp:featuredmedia":[{"embeddable":true,"href":"https:\/\/archive.sana.sy\/tr\/index.php?rest_route=\/wp\/v2\/media\/309588"}],"wp:attachment":[{"href":"https:\/\/archive.sana.sy\/tr\/index.php?rest_route=%2Fwp%2Fv2%2Fmedia&parent=309587"}],"wp:term":[{"taxonomy":"category","embeddable":true,"href":"https:\/\/archive.sana.sy\/tr\/index.php?rest_route=%2Fwp%2Fv2%2Fcategories&post=309587"},{"taxonomy":"post_tag","embeddable":true,"href":"https:\/\/archive.sana.sy\/tr\/index.php?rest_route=%2Fwp%2Fv2%2Ftags&post=309587"}],"curies":[{"name":"wp","href":"https:\/\/api.w.org\/{rel}","templated":true}]}}