{"id":309590,"date":"2024-10-03T23:00:12","date_gmt":"2024-10-03T20:00:12","guid":{"rendered":"https:\/\/sana.sy\/tr\/?p=309590"},"modified":"2024-10-04T10:09:07","modified_gmt":"2024-10-04T07:09:07","slug":"lubnan-direnisiyle-kahramanca-catismalar-sirasinda-17-israil-isgal-askeri-olduruldu","status":"publish","type":"post","link":"https:\/\/archive.sana.sy\/tr\/?p=309590","title":{"rendered":"L\u00fcbnan Direni\u015fiyle Kahramanca \u00c7at\u0131\u015fmalar S\u0131ras\u0131nda 17 \u0130srail \u0130\u015fgal Askeri \u00d6ld\u00fcr\u00fcld\u00fc"},"content":{"rendered":"<p style=\"text-align: justify;\"><strong>BEYRUT <\/strong><strong>(SANA) &#8211;<\/strong>\u00a0 L\u00fcbnan Direni\u015fi, sava\u015f\u00e7\u0131lar\u0131n\u0131n bug\u00fcn yapt\u0131\u011f\u0131 kahramanca \u00e7at\u0131\u015fmalarda \u0130srailli d\u00fc\u015fman\u0131n subay ve askerleri aras\u0131ndaki \u00f6l\u00fc say\u0131s\u0131n\u0131n 17 subay ve askere ula\u015ft\u0131\u011f\u0131n\u0131 do\u011frulad\u0131.<\/p>\n<p style=\"text-align: justify;\">Direni\u015f bug\u00fcn yapt\u0131\u011f\u0131 a\u00e7\u0131klamada, &#8220;son saatlerde \u00e7e\u015fitli ama\u00e7larla 28 askeri operasyon ger\u00e7ekle\u015ftirdik. Bunlar\u0131n aras\u0131nda direni\u015fin \u0130srail d\u00fc\u015fman ordusunun elit g\u00fc\u00e7lerinin g\u00fcney L\u00fcbnan&#8217;daki baz\u0131 s\u0131n\u0131r k\u00f6ylerine y\u00f6nelik ba\u015far\u0131s\u0131z ilerleme giri\u015fimlerine verdi\u011fi yan\u0131tt\u0131.\u00a0 Ayr\u0131ca g\u00fcneydeki kararl\u0131 k\u00f6ylerin kar\u015f\u0131s\u0131ndaki \u00f6n kenar boyunca k\u0131\u015flalar, askeri alanlar, meyve bah\u00e7eleri ve yerle\u015fim evlerindeki yo\u011funla\u015fmalar\u0131 da hedef ald\u0131. Direni\u015f\u00e7iler de \u0130\u015fgal alt\u0131ndaki Filistin&#8217;in kuzeyindeki yerle\u015fimleri ve askeri hedefleri bombalad\u0131.&#8221;<\/p>\n<p style=\"text-align: justify;\">L\u00fcbnan direni\u015fi bir ba\u015fka a\u00e7\u0131klamayla Metulla b\u00f6lgesini, yerle\u015fim yerini ve meyve bah\u00e7elerini 100 Katyu\u015fa roketi ve 6 Falak f\u00fczesiyle bombalad\u0131\u011f\u0131n\u0131 duyurdu.<\/p>\n<p style=\"text-align: justify;\">Bug\u00fcn direni\u015fin kahramanlar\u0131 i\u015fgal alt\u0131ndaki Safed kentinde, Avivim yerle\u015fiminde ve Kfargaladi yerle\u015fiminde b\u00fcy\u00fck f\u00fcze rampalar\u0131yla d\u00fc\u015fman \u0130srail&#8217;i hedef ald\u0131.<\/p>\n<p style=\"text-align: justify;\">Bug\u00fcn direni\u015f, Marun El Ras ve Yarun kasabalar\u0131na patlay\u0131c\u0131larla s\u0131zan d\u00fc\u015fman \u0130srail g\u00fc\u00e7lerini de hedef ald\u0131.<\/p>\n<p style=\"text-align: justify;\">Ayr\u0131ca d\u00fc\u015fman \u0130srail, d\u00fcn L\u00fcbnan s\u0131n\u0131r\u0131nda L\u00fcbnan direni\u015fiyle ya\u015fanan \u00e7at\u0131\u015fmalar s\u0131ras\u0131nda 202. Tabur Para\u015f\u00fct\u00e7\u00fc Tugay\u0131&#8217;nda y\u00fczba\u015f\u0131 r\u00fctbesindeki bir muharebe subay\u0131n\u0131n \u00f6ld\u00fcr\u00fcld\u00fc\u011f\u00fcn\u00fc kabul etti.<\/p>\n<p style=\"text-align: center;\"><strong><a href=\"https:\/\/t.me\/SuriyeArapHaberAjansI\">Telegram Kanal\u0131m\u0131z\u00a0<\/a>||<a href=\"https:\/\/twitter.com\/arap_ajans\">X Platformumuz\u00a0<\/a>||<a href=\"https:\/\/www.facebook.com\/SANAHaberAjansi\/\">Facebook Sayfam\u0131z<\/a><\/strong><\/p>\n<p style=\"text-align: justify;\">\n","protected":false},"excerpt":{"rendered":"<p>BEYRUT (SANA) &#8211;\u00a0 L\u00fcbnan Direni\u015fi, sava\u015f\u00e7\u0131lar\u0131n\u0131n bug\u00fcn yapt\u0131\u011f\u0131 kahramanca \u00e7at\u0131\u015fmalarda \u0130srailli d\u00fc\u015fman\u0131n subay ve askerleri aras\u0131ndaki \u00f6l\u00fc say\u0131s\u0131n\u0131n 17 subay ve askere ula\u015ft\u0131\u011f\u0131n\u0131 do\u011frulad\u0131. Direni\u015f bug\u00fcn yapt\u0131\u011f\u0131 a\u00e7\u0131klamada, &#8220;son saatlerde \u00e7e\u015fitli ama\u00e7larla 28 askeri operasyon ger\u00e7ekle\u015ftirdik. Bunlar\u0131n aras\u0131nda direni\u015fin \u0130srail d\u00fc\u015fman ordusunun elit g\u00fc\u00e7lerinin g\u00fcney L\u00fcbnan&#8217;daki baz\u0131 s\u0131n\u0131r k\u00f6ylerine y\u00f6nelik ba\u015far\u0131s\u0131z ilerleme giri\u015fimlerine verdi\u011fi yan\u0131tt\u0131.\u00a0 &hellip;<\/p>\n","protected":false},"author":41,"featured_media":309591,"comment_status":"closed","ping_status":"closed","sticky":false,"template":"","format":"standard","meta":{"footnotes":""},"categories":[458,589,459,17988],"tags":[42563],"class_list":["post-309590","post","type-post","status-publish","format-standard","has-post-thumbnail","","category-dunya1","category-haber-seridi","category-haberler-arap-uluslararasi-politika","category-son-haberler","tag-lubnan-direnisiyle-kahramanca-catismalar-sirasinda-17-israil-isgal-askeri-olduruldu"],"_links":{"self":[{"href":"https:\/\/archive.sana.sy\/tr\/index.php?rest_route=\/wp\/v2\/posts\/309590","targetHints":{"allow":["GET"]}}],"collection":[{"href":"https:\/\/archive.sana.sy\/tr\/index.php?rest_route=\/wp\/v2\/posts"}],"about":[{"href":"https:\/\/archive.sana.sy\/tr\/index.php?rest_route=\/wp\/v2\/types\/post"}],"author":[{"embeddable":true,"href":"https:\/\/archive.sana.sy\/tr\/index.php?rest_route=\/wp\/v2\/users\/41"}],"replies":[{"embeddable":true,"href":"https:\/\/archive.sana.sy\/tr\/index.php?rest_route=%2Fwp%2Fv2%2Fcomments&post=309590"}],"version-history":[{"count":1,"href":"https:\/\/archive.sana.sy\/tr\/index.php?rest_route=\/wp\/v2\/posts\/309590\/revisions"}],"predecessor-version":[{"id":309592,"href":"https:\/\/archive.sana.sy\/tr\/index.php?rest_route=\/wp\/v2\/posts\/309590\/revisions\/309592"}],"wp:featuredmedia":[{"embeddable":true,"href":"https:\/\/archive.sana.sy\/tr\/index.php?rest_route=\/wp\/v2\/media\/309591"}],"wp:attachment":[{"href":"https:\/\/archive.sana.sy\/tr\/index.php?rest_route=%2Fwp%2Fv2%2Fmedia&parent=309590"}],"wp:term":[{"taxonomy":"category","embeddable":true,"href":"https:\/\/archive.sana.sy\/tr\/index.php?rest_route=%2Fwp%2Fv2%2Fcategories&post=309590"},{"taxonomy":"post_tag","embeddable":true,"href":"https:\/\/archive.sana.sy\/tr\/index.php?rest_route=%2Fwp%2Fv2%2Ftags&post=309590"}],"curies":[{"name":"wp","href":"https:\/\/api.w.org\/{rel}","templated":true}]}}