{"id":309593,"date":"2024-10-04T09:00:06","date_gmt":"2024-10-04T06:00:06","guid":{"rendered":"https:\/\/sana.sy\/tr\/?p=309593"},"modified":"2024-10-04T10:36:11","modified_gmt":"2024-10-04T07:36:11","slug":"lubnan-direnisi-kuzey-hayfadaki-dusman-israilin-mevzilerini-fuzelerle-hedef-aldi","status":"publish","type":"post","link":"https:\/\/archive.sana.sy\/tr\/?p=309593","title":{"rendered":"L\u00fcbnan Direni\u015fi Kuzey Hayfa&#8217;daki D\u00fc\u015fman \u0130srail&#8217;in Mevzilerini F\u00fczelerle Hedef Ald\u0131"},"content":{"rendered":"<p style=\"text-align: justify;\"><strong>BEYRUT (SANA)<\/strong> &#8211; Bu sabah L\u00fcbnan Ulusal Direni\u015fi i\u015fgal alt\u0131ndaki kuzey Hayfa&#8217;daki d\u00fc\u015fman \u0130srail&#8217;in mevzilerini f\u00fcze rampalar\u0131yla hedef ald\u0131.<\/p>\n<p style=\"text-align: justify;\">Direni\u015f taraf\u0131ndan yap\u0131lan a\u00e7\u0131klamada \u015fu ifadelere yer verildi: &#8220;Gazze \u015eeridi&#8217;ndeki kararl\u0131 Filistin halk\u0131m\u0131za ve onlar\u0131n yi\u011fit direni\u015fine destek, L\u00fcbnan&#8217;\u0131 ve halk\u0131n\u0131 savunma ve \u0130srail&#8217;in \u015fehirleri, k\u00f6yleri ve sivilleri barbarca i\u015fgaline yan\u0131t olarak, bu sabah saat yedide sava\u015f\u00e7\u0131lar\u0131m\u0131z Hayfa&#8217;n\u0131n kuzeyindeki k\u00f6yleri f\u00fczelerle bombalad\u0131.&#8221;<\/p>\n<p style=\"text-align: center;\"><strong><a href=\"https:\/\/t.me\/SuriyeArapHaberAjansI\">Telegram Kanal\u0131m\u0131z\u00a0<\/a>||<a href=\"https:\/\/twitter.com\/arap_ajans\">X Platformumuz\u00a0<\/a>||<a href=\"https:\/\/www.facebook.com\/SANAHaberAjansi\/\">Facebook Sayfam\u0131z<\/a><\/strong><\/p>\n","protected":false},"excerpt":{"rendered":"<p>BEYRUT (SANA) &#8211; Bu sabah L\u00fcbnan Ulusal Direni\u015fi i\u015fgal alt\u0131ndaki kuzey Hayfa&#8217;daki d\u00fc\u015fman \u0130srail&#8217;in mevzilerini f\u00fcze rampalar\u0131yla hedef ald\u0131. Direni\u015f taraf\u0131ndan yap\u0131lan a\u00e7\u0131klamada \u015fu ifadelere yer verildi: &#8220;Gazze \u015eeridi&#8217;ndeki kararl\u0131 Filistin halk\u0131m\u0131za ve onlar\u0131n yi\u011fit direni\u015fine destek, L\u00fcbnan&#8217;\u0131 ve halk\u0131n\u0131 savunma ve \u0130srail&#8217;in \u015fehirleri, k\u00f6yleri ve sivilleri barbarca i\u015fgaline yan\u0131t olarak, bu sabah saat yedide &hellip;<\/p>\n","protected":false},"author":41,"featured_media":309595,"comment_status":"closed","ping_status":"closed","sticky":false,"template":"","format":"standard","meta":{"footnotes":""},"categories":[458,589,459,17988],"tags":[42564],"class_list":["post-309593","post","type-post","status-publish","format-standard","has-post-thumbnail","","category-dunya1","category-haber-seridi","category-haberler-arap-uluslararasi-politika","category-son-haberler","tag-lubnan-direnisi-kuzey-hayfadaki-dusman-israilin-mevzilerini-fuzelerle-hedef-aldi"],"_links":{"self":[{"href":"https:\/\/archive.sana.sy\/tr\/index.php?rest_route=\/wp\/v2\/posts\/309593","targetHints":{"allow":["GET"]}}],"collection":[{"href":"https:\/\/archive.sana.sy\/tr\/index.php?rest_route=\/wp\/v2\/posts"}],"about":[{"href":"https:\/\/archive.sana.sy\/tr\/index.php?rest_route=\/wp\/v2\/types\/post"}],"author":[{"embeddable":true,"href":"https:\/\/archive.sana.sy\/tr\/index.php?rest_route=\/wp\/v2\/users\/41"}],"replies":[{"embeddable":true,"href":"https:\/\/archive.sana.sy\/tr\/index.php?rest_route=%2Fwp%2Fv2%2Fcomments&post=309593"}],"version-history":[{"count":1,"href":"https:\/\/archive.sana.sy\/tr\/index.php?rest_route=\/wp\/v2\/posts\/309593\/revisions"}],"predecessor-version":[{"id":309596,"href":"https:\/\/archive.sana.sy\/tr\/index.php?rest_route=\/wp\/v2\/posts\/309593\/revisions\/309596"}],"wp:featuredmedia":[{"embeddable":true,"href":"https:\/\/archive.sana.sy\/tr\/index.php?rest_route=\/wp\/v2\/media\/309595"}],"wp:attachment":[{"href":"https:\/\/archive.sana.sy\/tr\/index.php?rest_route=%2Fwp%2Fv2%2Fmedia&parent=309593"}],"wp:term":[{"taxonomy":"category","embeddable":true,"href":"https:\/\/archive.sana.sy\/tr\/index.php?rest_route=%2Fwp%2Fv2%2Fcategories&post=309593"},{"taxonomy":"post_tag","embeddable":true,"href":"https:\/\/archive.sana.sy\/tr\/index.php?rest_route=%2Fwp%2Fv2%2Ftags&post=309593"}],"curies":[{"name":"wp","href":"https:\/\/api.w.org\/{rel}","templated":true}]}}