{"id":309597,"date":"2024-10-04T12:05:31","date_gmt":"2024-10-04T09:05:31","guid":{"rendered":"https:\/\/sana.sy\/tr\/?p=309597"},"modified":"2024-10-04T12:05:31","modified_gmt":"2024-10-04T09:05:31","slug":"iran-disisleri-bakani-abbas-erakci-beyruta-giden-diplomatik-heyetin-basina-geldi","status":"publish","type":"post","link":"https:\/\/archive.sana.sy\/tr\/?p=309597","title":{"rendered":"\u0130ran D\u0131\u015fi\u015fleri Bakan\u0131 Abbas Erak\u00e7i Beyrut&#8217;a Giden Diplomatik Heyetin Ba\u015f\u0131na Geldi"},"content":{"rendered":"<p><strong>BEYRUT(SANA)<\/strong> &#8211; \u0130ran D\u0131\u015fi\u015fleri Bakan\u0131 Abbas Erkaci, L\u00fcbnan&#8217;la dayan\u0131\u015fma ziyareti i\u00e7in L\u00fcbnan&#8217;\u0131n ba\u015fkenti Beyrut&#8217;a geldi.<\/p>\n<p>IRNA haber ajans\u0131, \u0130ran D\u0131\u015fi\u015fleri Bakanl\u0131\u011f\u0131 s\u00f6zc\u00fcs\u00fc \u0130smail Bekai&#8217;nin web sitesindeki bir g\u00f6nderide, &#8221;Erak\u00e7i ba\u015fkanl\u0131\u011f\u0131ndaki \u0130ran diplomatik heyeti L\u00fcbnan&#8217;a geldi&#8221; diyerek,\u00a0 \u0130ran&#8217;\u0131n cesur L\u00fcbnan halk\u0131yla dayan\u0131\u015fmas\u0131nda kararl\u0131 oldu\u011funu ve b\u00f6lgedeki herkesin L\u00fcbnan&#8217;\u0131n kar\u015f\u0131 kar\u015f\u0131ya oldu\u011fu tehlikeli durumu ve bunun \u00fclkelerimizin gelece\u011fi \u00fczerindeki sonu\u00e7lar\u0131n\u0131 anlamas\u0131 gerekti\u011fini vurgulad\u0131\u011f\u0131n\u0131 aktard\u0131.<\/p>\n<p>Bekai ayr\u0131ca, &#8221;Heyetimizin ba\u015fkanl\u0131\u011f\u0131n\u0131 D\u0131\u015fi\u015fleri Bakan\u0131 Erak\u00e7i yap\u0131yor ve \u015eura Konseyi temsilcileri ile K\u0131z\u0131lay Cemiyeti ba\u015fkan\u0131n\u0131 i\u00e7eriyor&#8221; ifadelerini kullan\u0131rken, L\u00fcbnan ge\u00e7ici h\u00fck\u00fcmetinin Ba\u015fbakan\u0131 Araghchi ile Temsilciler Meclisi Ba\u015fkan\u0131 Nabih Berri aras\u0131nda g\u00f6r\u00fc\u015fme yap\u0131lmas\u0131n\u0131n planland\u0131\u011f\u0131na dikkati \u00e7ekti.<\/p>\n<p>Bekai a\u00e7\u0131klams\u0131n\u0131 \u015fu ifadelerle tamamlad\u0131: &#8221;\u0130ran&#8217;\u0131n sa\u011flad\u0131\u011f\u0131 insani yard\u0131m kapsam\u0131nda L\u00fcbnan&#8217;a 10 ton g\u0131da ve ila\u00e7 sevkiyat\u0131 yap\u0131lacak.&#8221;<\/p>\n<p>Erak\u00e7i ve beraberindeki heyet, L\u00fcbnan D\u0131\u015fi\u015fleri Bakanl\u0131\u011f\u0131 Protokol Direkt\u00f6r\u00fc Usama Kassab taraf\u0131ndan Refik El Hariri Havaliman\u0131&#8217;nda kar\u015f\u0131land\u0131.<\/p>\n<p style=\"text-align: center;\"><strong><a href=\"https:\/\/t.me\/SuriyeArapHaberAjansI\">Telegram Kanal\u0131m\u0131z\u00a0<\/a>||<a href=\"https:\/\/twitter.com\/arap_ajans\">X Platformumuz\u00a0<\/a>||<a href=\"https:\/\/www.facebook.com\/SANAHaberAjansi\/\">Facebook Sayfam\u0131z<\/a><\/strong><\/p>\n","protected":false},"excerpt":{"rendered":"<p>BEYRUT(SANA) &#8211; \u0130ran D\u0131\u015fi\u015fleri Bakan\u0131 Abbas Erkaci, L\u00fcbnan&#8217;la dayan\u0131\u015fma ziyareti i\u00e7in L\u00fcbnan&#8217;\u0131n ba\u015fkenti Beyrut&#8217;a geldi. IRNA haber ajans\u0131, \u0130ran D\u0131\u015fi\u015fleri Bakanl\u0131\u011f\u0131 s\u00f6zc\u00fcs\u00fc \u0130smail Bekai&#8217;nin web sitesindeki bir g\u00f6nderide, &#8221;Erak\u00e7i ba\u015fkanl\u0131\u011f\u0131ndaki \u0130ran diplomatik heyeti L\u00fcbnan&#8217;a geldi&#8221; diyerek,\u00a0 \u0130ran&#8217;\u0131n cesur L\u00fcbnan halk\u0131yla dayan\u0131\u015fmas\u0131nda kararl\u0131 oldu\u011funu ve b\u00f6lgedeki herkesin L\u00fcbnan&#8217;\u0131n kar\u015f\u0131 kar\u015f\u0131ya oldu\u011fu tehlikeli durumu ve bunun \u00fclkelerimizin &hellip;<\/p>\n","protected":false},"author":41,"featured_media":309598,"comment_status":"closed","ping_status":"closed","sticky":false,"template":"","format":"standard","meta":{"footnotes":""},"categories":[458,589,459,17988],"tags":[42565],"class_list":["post-309597","post","type-post","status-publish","format-standard","has-post-thumbnail","","category-dunya1","category-haber-seridi","category-haberler-arap-uluslararasi-politika","category-son-haberler","tag-iran-disisleri-bakani-abbas-erakci-beyruta-giden-diplomatik-heyetin-basina-geldi"],"_links":{"self":[{"href":"https:\/\/archive.sana.sy\/tr\/index.php?rest_route=\/wp\/v2\/posts\/309597","targetHints":{"allow":["GET"]}}],"collection":[{"href":"https:\/\/archive.sana.sy\/tr\/index.php?rest_route=\/wp\/v2\/posts"}],"about":[{"href":"https:\/\/archive.sana.sy\/tr\/index.php?rest_route=\/wp\/v2\/types\/post"}],"author":[{"embeddable":true,"href":"https:\/\/archive.sana.sy\/tr\/index.php?rest_route=\/wp\/v2\/users\/41"}],"replies":[{"embeddable":true,"href":"https:\/\/archive.sana.sy\/tr\/index.php?rest_route=%2Fwp%2Fv2%2Fcomments&post=309597"}],"version-history":[{"count":1,"href":"https:\/\/archive.sana.sy\/tr\/index.php?rest_route=\/wp\/v2\/posts\/309597\/revisions"}],"predecessor-version":[{"id":309599,"href":"https:\/\/archive.sana.sy\/tr\/index.php?rest_route=\/wp\/v2\/posts\/309597\/revisions\/309599"}],"wp:featuredmedia":[{"embeddable":true,"href":"https:\/\/archive.sana.sy\/tr\/index.php?rest_route=\/wp\/v2\/media\/309598"}],"wp:attachment":[{"href":"https:\/\/archive.sana.sy\/tr\/index.php?rest_route=%2Fwp%2Fv2%2Fmedia&parent=309597"}],"wp:term":[{"taxonomy":"category","embeddable":true,"href":"https:\/\/archive.sana.sy\/tr\/index.php?rest_route=%2Fwp%2Fv2%2Fcategories&post=309597"},{"taxonomy":"post_tag","embeddable":true,"href":"https:\/\/archive.sana.sy\/tr\/index.php?rest_route=%2Fwp%2Fv2%2Ftags&post=309597"}],"curies":[{"name":"wp","href":"https:\/\/api.w.org\/{rel}","templated":true}]}}