{"id":309605,"date":"2024-10-04T14:00:35","date_gmt":"2024-10-04T11:00:35","guid":{"rendered":"https:\/\/sana.sy\/tr\/?p=309605"},"modified":"2024-10-04T15:57:42","modified_gmt":"2024-10-04T12:57:42","slug":"sehit-hasan-nasrullahi-anma-toreninde-hamaney-liderlerinin-sehadetiyle-direnis-geri-cekilmeyecektir","status":"publish","type":"post","link":"https:\/\/archive.sana.sy\/tr\/?p=309605","title":{"rendered":"\u015eehit Hasan Nasrullah&#8217;\u0131 Anma T\u00f6reninde Hamaney: Liderlerinin \u015eehadetiyle Direni\u015f Geri \u00c7ekilmeyecektir"},"content":{"rendered":"<p style=\"text-align: justify;\"><strong>TAHRAN (SANA)<\/strong> &#8211; \u00a0\u0130ran \u0130slam Devrimi Lideri Seyyid Ali Hamaney, direni\u015fin liderlerinin ve adamlar\u0131n\u0131n \u015fehadeti ile b\u00f6lgede geri \u00e7ekilmeyece\u011fini do\u011frulayarak, Siyonist d\u00fc\u015fman ve destek\u00e7ilerine kar\u015f\u0131 m\u00fccadelede zaferin m\u00fcttefiki olaca\u011f\u0131n\u0131 vurgulad\u0131.<\/p>\n<p style=\"text-align: justify;\">Hamaney, bug\u00fcn \u0130ran&#8217;\u0131n ba\u015fkenti Tahran&#8217;da \u015fehit Hasan Nasrullah&#8217;\u0131n an\u0131s\u0131na d\u00fczenlenen t\u00f6rende yapt\u0131\u011f\u0131 hutbede \u015funlar\u0131 s\u00f6yledi: &#8220;Seyyid Hasan Nasrullah direni\u015fin sanca\u011f\u0131 ve hakikat yolunun savunucusuydu ve onun en \u00f6nemli mesajlar\u0131, liderlerin yoklu\u011fundan dolay\u0131 \u00fcmitsizli\u011fe kap\u0131lmamak ve tedirgin olmamakt\u0131.&#8221;<\/p>\n<p style=\"text-align: justify;\">Hamaney ayr\u0131ca, &#8220;Seyyid Hasan Nasrullah bedenen aram\u0131zdan ayr\u0131ld\u0131 ama onun ruhu ve yakla\u015f\u0131m\u0131 sonsuza kadar i\u00e7imizde kalacak ve onun \u015fahitli\u011fi L\u00fcbnan halk\u0131n\u0131n d\u00fc\u015fman\u0131 yenme konusundaki direni\u015fini g\u00fc\u00e7lendirecektir&#8221; ifadelerini kulland\u0131.<\/p>\n<p style=\"text-align: justify;\">Hamaney, \u015fehit Seyyid Nasrullah&#8217;\u0131n 30 y\u0131ld\u0131r m\u00fccadele dolu bir yolculu\u011fun ba\u015f\u0131nda oldu\u011funa dikkat \u00e7ekerken de,\u00a0 \u201cOnun y\u00f6netimiyle Hizbullah ad\u0131m ad\u0131m b\u00fcy\u00fcd\u00fc\u201d dedi ve L\u00fcbnan halk\u0131n\u0131, sald\u0131rgan d\u00fc\u015fmana direnmek ve onun planlar\u0131n\u0131 bozmak i\u00e7in m\u00fccadelesini s\u00fcrd\u00fcrmeye ve g\u00fc\u00e7lerini g\u00fc\u00e7lendirmeye \u00e7a\u011f\u0131rd\u0131.<\/p>\n<p style=\"text-align: justify;\">\u0130ran&#8217;\u0131n Siyonist varl\u0131\u011f\u0131n su\u00e7lar\u0131na y\u00f6nelik son f\u00fcze tepkisine ili\u015fkin Seyyid Hamaney, \u2018\u2019\u0130ran&#8217;\u0131n ger\u00e7ekle\u015ftirdi\u011fi eylem, Siyonist varl\u0131\u011f\u0131n i\u015fledi\u011fi korkun\u00e7 su\u00e7lardan dolay\u0131 verilebilecek en k\u00fc\u00e7\u00fck cezad\u0131r.\u2019\u2019 diyerek, \u00fclkesinin her t\u00fcrl\u00fc g\u00f6revi tam bir kararl\u0131l\u0131kla yerine getirece\u011fini, bu g\u00f6revi yaparken gecikmeyece\u011fimizi, yetersiz kalmayaca\u011f\u0131m\u0131z\u0131, aceleci ve duygusal olmayaca\u011f\u0131m\u0131z\u0131 vurgulad\u0131.<\/p>\n<p style=\"text-align: justify;\">Hamaney hutbesinde, &#8220;Siyonist varl\u0131\u011fa yap\u0131lacak her sald\u0131r\u0131n\u0131n t\u00fcm b\u00f6lgeye, asl\u0131nda t\u00fcm insanl\u0131\u011fa hizmet oldu\u011funu&#8221; vurgulayarak, Siyonistlerin ve Amerikal\u0131lar\u0131n b\u00f6lgeye y\u00f6nelik planlar\u0131n\u0131n ger\u00e7ekle\u015fmesi imk\u00e2ns\u0131z bir ill\u00fczyondan ibaret oldu\u011funu kaydetti.<\/p>\n<p style=\"text-align: justify;\">Filistin halk\u0131n\u0131n Siyonist d\u00fc\u015fmanla y\u00fczle\u015fme hakk\u0131na sahip oldu\u011funu ve uluslararas\u0131 yasalar\u0131n da bu hakk\u0131 destekledi\u011fini belirten Hamaney, Aksa Tufan\u0131 operasyonunun do\u011fru, mant\u0131kl\u0131 ve me\u015fru bir hareket oldu\u011funu ve L\u00fcbnan halk\u0131n\u0131n Filistin halk\u0131n\u0131 savunmas\u0131n\u0131n me\u015fru, yasal ve tam me\u015fruiyete sahip oldu\u011fununun alt\u0131n\u0131 \u00e7izdi.<\/p>\n<p style=\"text-align: justify;\">Seyyid Hamaney, d\u00fc\u015fman\u0131n \u201cb\u00f6l ve y\u00f6net\u201d politikas\u0131 benimseme planlar\u0131na ve \u0130slam \u00fclkeleri aras\u0131nda b\u00f6l\u00fcc\u00fcl\u00fck tohumlar\u0131 ekmeye bel ba\u011flad\u0131\u011f\u0131na dikkat \u00e7ekerken, \u0130slam halklar\u0131n\u0131n bug\u00fcn fark\u0131na vard\u0131klar\u0131n\u0131 ve d\u00fc\u015fmanlar\u0131n\u0131n planlar\u0131n\u0131n \u00fcstesinden gelebileceklerini belirtti ve Filistin, M\u0131s\u0131r, L\u00fcbnan, Suriye ve Yemen halk\u0131n\u0131 hedefleyen d\u00fc\u015fmanlar\u0131n planlar\u0131n\u0131n bir \u00fclkeden di\u011ferinde ekonomik planlar oldu\u011funu ve di\u011fer yerlerde askeri planlar oldu\u011funu ifade etti.<\/p>\n<p style=\"text-align: justify;\">\u0130srail&#8217;in L\u00fcbnan&#8217;a y\u00f6nelik sald\u0131r\u0131s\u0131 sonucu \u015fehit olan \u015fehit, Hizbullah Genel Sekreteri Seyyid Hasan Nasrullah ve arkada\u015flar\u0131 i\u00e7in bug\u00fcn ba\u015fkent Tahran&#8217;daki \u0130mam Humeyni mescidinde t\u00f6ren d\u00fczenlendi.<\/p>\n<p style=\"text-align: justify;\">T\u00f6renin ard\u0131ndan Seyyid Hamaney&#8217;in k\u0131ld\u0131rd\u0131\u011f\u0131 Cuma namaz\u0131 k\u0131l\u0131nd\u0131.<\/p>\n<p style=\"text-align: justify;\">\u015eafa\u011f\u0131n erken saatlerinden itibaren \u0130ran&#8217;\u0131n d\u00f6rt bir yan\u0131ndan b\u00fcy\u00fck kalabal\u0131klar ibadethaneye \u0130slam Devrimi&#8217;nin lideri ve direni\u015fin efendisi \u015eehit Nasrullah, \u015eehit Kas\u0131m S\u00fcleymani ile direni\u015fin \u015fehitleri ve sembollerinin foto\u011fraflar\u0131n\u0131 ta\u015f\u0131yarak, ak\u0131n etti.<\/p>\n<p style=\"text-align: center;\"><strong><a href=\"https:\/\/t.me\/SuriyeArapHaberAjansI\">Telegram Kanal\u0131m\u0131z\u00a0<\/a>||<a href=\"https:\/\/twitter.com\/arap_ajans\">X Platformumuz\u00a0<\/a>||<a href=\"https:\/\/www.facebook.com\/SANAHaberAjansi\/\">Facebook Sayfam\u0131z<\/a><\/strong><\/p>\n","protected":false},"excerpt":{"rendered":"<p>TAHRAN (SANA) &#8211; \u00a0\u0130ran \u0130slam Devrimi Lideri Seyyid Ali Hamaney, direni\u015fin liderlerinin ve adamlar\u0131n\u0131n \u015fehadeti ile b\u00f6lgede geri \u00e7ekilmeyece\u011fini do\u011frulayarak, Siyonist d\u00fc\u015fman ve destek\u00e7ilerine kar\u015f\u0131 m\u00fccadelede zaferin m\u00fcttefiki olaca\u011f\u0131n\u0131 vurgulad\u0131. Hamaney, bug\u00fcn \u0130ran&#8217;\u0131n ba\u015fkenti Tahran&#8217;da \u015fehit Hasan Nasrullah&#8217;\u0131n an\u0131s\u0131na d\u00fczenlenen t\u00f6rende yapt\u0131\u011f\u0131 hutbede \u015funlar\u0131 s\u00f6yledi: &#8220;Seyyid Hasan Nasrullah direni\u015fin sanca\u011f\u0131 ve hakikat yolunun savunucusuydu ve &hellip;<\/p>\n","protected":false},"author":41,"featured_media":309606,"comment_status":"closed","ping_status":"closed","sticky":false,"template":"","format":"standard","meta":{"footnotes":""},"categories":[458,589,459,17988],"tags":[41324,42567],"class_list":["post-309605","post","type-post","status-publish","format-standard","has-post-thumbnail","","category-dunya1","category-haber-seridi","category-haberler-arap-uluslararasi-politika","category-son-haberler","tag-lubnanda-son-gelimeler","tag-sehit-hasan-nasrullahi-anma-toreninde-hamaney-liderlerinin-sehadetiyle-direnis-geri-cekilmeyecektir"],"_links":{"self":[{"href":"https:\/\/archive.sana.sy\/tr\/index.php?rest_route=\/wp\/v2\/posts\/309605","targetHints":{"allow":["GET"]}}],"collection":[{"href":"https:\/\/archive.sana.sy\/tr\/index.php?rest_route=\/wp\/v2\/posts"}],"about":[{"href":"https:\/\/archive.sana.sy\/tr\/index.php?rest_route=\/wp\/v2\/types\/post"}],"author":[{"embeddable":true,"href":"https:\/\/archive.sana.sy\/tr\/index.php?rest_route=\/wp\/v2\/users\/41"}],"replies":[{"embeddable":true,"href":"https:\/\/archive.sana.sy\/tr\/index.php?rest_route=%2Fwp%2Fv2%2Fcomments&post=309605"}],"version-history":[{"count":1,"href":"https:\/\/archive.sana.sy\/tr\/index.php?rest_route=\/wp\/v2\/posts\/309605\/revisions"}],"predecessor-version":[{"id":309607,"href":"https:\/\/archive.sana.sy\/tr\/index.php?rest_route=\/wp\/v2\/posts\/309605\/revisions\/309607"}],"wp:featuredmedia":[{"embeddable":true,"href":"https:\/\/archive.sana.sy\/tr\/index.php?rest_route=\/wp\/v2\/media\/309606"}],"wp:attachment":[{"href":"https:\/\/archive.sana.sy\/tr\/index.php?rest_route=%2Fwp%2Fv2%2Fmedia&parent=309605"}],"wp:term":[{"taxonomy":"category","embeddable":true,"href":"https:\/\/archive.sana.sy\/tr\/index.php?rest_route=%2Fwp%2Fv2%2Fcategories&post=309605"},{"taxonomy":"post_tag","embeddable":true,"href":"https:\/\/archive.sana.sy\/tr\/index.php?rest_route=%2Fwp%2Fv2%2Ftags&post=309605"}],"curies":[{"name":"wp","href":"https:\/\/api.w.org\/{rel}","templated":true}]}}