{"id":309608,"date":"2024-10-04T16:04:39","date_gmt":"2024-10-04T13:04:39","guid":{"rendered":"https:\/\/sana.sy\/tr\/?p=309608"},"modified":"2024-10-04T18:41:25","modified_gmt":"2024-10-04T15:41:25","slug":"irak-direnisi-ihalarka-israilin-uc-dusman-bolgesini-hedef-aldi","status":"publish","type":"post","link":"https:\/\/archive.sana.sy\/tr\/?p=309608","title":{"rendered":"Irak Direni\u015fi \u0130srail&#8217;in \u00dc\u00e7 D\u00fc\u015fman B\u00f6lgesini \u0130HA\u2019larla Hedef Ald\u0131"},"content":{"rendered":"<p style=\"text-align: justify;\"><strong>BA\u011eDAT (SANA)<\/strong> &#8211; \u00a0Bug\u00fcn Irak direni\u015fi, insans\u0131z hava ara\u00e7lar\u0131n\u0131 kullanarak \u00fc\u00e7 ayr\u0131 operasyonda \u00fc\u00e7 \u0130srail d\u00fc\u015fman b\u00f6lgesini hedef ald\u0131.<\/p>\n<p style=\"text-align: justify;\">Direni\u015f yapt\u0131\u011f\u0131 a\u00e7\u0131klamada \u015funlar\u0131 s\u00f6yledi: \u00a0&#8220;Filistin ve L\u00fcbnan&#8217;da i\u015fgale direnme ve halk\u0131m\u0131za destek verme yakla\u015f\u0131m\u0131m\u0131z\u0131n devam\u0131 VE gasp\u00e7\u0131 varl\u0131\u011f\u0131n \u00e7ocuklar, kad\u0131nlar, ya\u015fl\u0131lar da dahil olmak \u00fczere sivillere y\u00f6nelik yapt\u0131\u011f\u0131 katliamlara yan\u0131t olarak, bug\u00fcn \u015fafak vakti sava\u015f\u00e7\u0131lar\u0131m\u0131z i\u015fgal alt\u0131ndaki topraklar\u0131m\u0131zda 3 ayr\u0131 operasyonla 3 hedefe insans\u0131z hava ara\u00e7lar\u0131yla sald\u0131rd\u0131.\u2019\u2019<\/p>\n<p style=\"text-align: justify;\">Direni\u015f yapt\u0131\u011f\u0131 a\u00e7\u0131klamada ayr\u0131ca, d\u00fc\u015fmana y\u00f6nelik operasyonlar\u0131n artan bir h\u0131zla devam etti\u011fini do\u011frulad\u0131.<\/p>\n<p style=\"text-align: justify;\">D\u00fcn Irak direni\u015fi, geli\u015fmi\u015f yeteneklere sahip bir u\u00e7ak kullanarak i\u015fgal alt\u0131ndaki Filistin&#8217;in g\u00fcneyindeki bir \u0130srail d\u00fc\u015fman mevzisini hedef ald\u0131\u011f\u0131n\u0131 duyurmu\u015ftu.<\/p>\n<p style=\"text-align: center;\"><strong><a href=\"https:\/\/t.me\/SuriyeArapHaberAjansI\">Telegram Kanal\u0131m\u0131z\u00a0<\/a>||<a href=\"https:\/\/twitter.com\/arap_ajans\">X Platformumuz\u00a0<\/a>||<a href=\"https:\/\/www.facebook.com\/SANAHaberAjansi\/\">Facebook Sayfam\u0131z<\/a><\/strong><\/p>\n","protected":false},"excerpt":{"rendered":"<p>BA\u011eDAT (SANA) &#8211; \u00a0Bug\u00fcn Irak direni\u015fi, insans\u0131z hava ara\u00e7lar\u0131n\u0131 kullanarak \u00fc\u00e7 ayr\u0131 operasyonda \u00fc\u00e7 \u0130srail d\u00fc\u015fman b\u00f6lgesini hedef ald\u0131. Direni\u015f yapt\u0131\u011f\u0131 a\u00e7\u0131klamada \u015funlar\u0131 s\u00f6yledi: \u00a0&#8220;Filistin ve L\u00fcbnan&#8217;da i\u015fgale direnme ve halk\u0131m\u0131za destek verme yakla\u015f\u0131m\u0131m\u0131z\u0131n devam\u0131 VE gasp\u00e7\u0131 varl\u0131\u011f\u0131n \u00e7ocuklar, kad\u0131nlar, ya\u015fl\u0131lar da dahil olmak \u00fczere sivillere y\u00f6nelik yapt\u0131\u011f\u0131 katliamlara yan\u0131t olarak, bug\u00fcn \u015fafak vakti sava\u015f\u00e7\u0131lar\u0131m\u0131z &hellip;<\/p>\n","protected":false},"author":41,"featured_media":309609,"comment_status":"closed","ping_status":"closed","sticky":false,"template":"","format":"standard","meta":{"footnotes":""},"categories":[458,589,459,17988],"tags":[42568,42569,42570,42571],"class_list":["post-309608","post","type-post","status-publish","format-standard","has-post-thumbnail","","category-dunya1","category-haber-seridi","category-haberler-arap-uluslararasi-politika","category-son-haberler","tag-irak-direnisi-ihalarka-israilin-uc-dusman-bolgesini-hedef-aldi","tag-iraktaki-hizbullah","tag-israilde-son-durum","tag-lubnan-ile-israil-arasindaki-savas"],"_links":{"self":[{"href":"https:\/\/archive.sana.sy\/tr\/index.php?rest_route=\/wp\/v2\/posts\/309608","targetHints":{"allow":["GET"]}}],"collection":[{"href":"https:\/\/archive.sana.sy\/tr\/index.php?rest_route=\/wp\/v2\/posts"}],"about":[{"href":"https:\/\/archive.sana.sy\/tr\/index.php?rest_route=\/wp\/v2\/types\/post"}],"author":[{"embeddable":true,"href":"https:\/\/archive.sana.sy\/tr\/index.php?rest_route=\/wp\/v2\/users\/41"}],"replies":[{"embeddable":true,"href":"https:\/\/archive.sana.sy\/tr\/index.php?rest_route=%2Fwp%2Fv2%2Fcomments&post=309608"}],"version-history":[{"count":3,"href":"https:\/\/archive.sana.sy\/tr\/index.php?rest_route=\/wp\/v2\/posts\/309608\/revisions"}],"predecessor-version":[{"id":309623,"href":"https:\/\/archive.sana.sy\/tr\/index.php?rest_route=\/wp\/v2\/posts\/309608\/revisions\/309623"}],"wp:featuredmedia":[{"embeddable":true,"href":"https:\/\/archive.sana.sy\/tr\/index.php?rest_route=\/wp\/v2\/media\/309609"}],"wp:attachment":[{"href":"https:\/\/archive.sana.sy\/tr\/index.php?rest_route=%2Fwp%2Fv2%2Fmedia&parent=309608"}],"wp:term":[{"taxonomy":"category","embeddable":true,"href":"https:\/\/archive.sana.sy\/tr\/index.php?rest_route=%2Fwp%2Fv2%2Fcategories&post=309608"},{"taxonomy":"post_tag","embeddable":true,"href":"https:\/\/archive.sana.sy\/tr\/index.php?rest_route=%2Fwp%2Fv2%2Ftags&post=309608"}],"curies":[{"name":"wp","href":"https:\/\/api.w.org\/{rel}","templated":true}]}}