{"id":309643,"date":"2024-10-05T14:35:02","date_gmt":"2024-10-05T11:35:02","guid":{"rendered":"https:\/\/sana.sy\/tr\/?p=309643"},"modified":"2024-10-07T17:55:21","modified_gmt":"2024-10-07T14:55:21","slug":"cumhurbaskani-esad-erakci-ile-gorusmesinde-her-turlu-isgale-saldirganliga-ve-toplu-katliama-karsi-direnis-mesru-bir-haktir","status":"publish","type":"post","link":"https:\/\/archive.sana.sy\/tr\/?p=309643","title":{"rendered":"Cumhurba\u015fkan\u0131 Esad, Erak\u00e7i \u0130le G\u00f6r\u00fc\u015fmesinde&#8230; Her T\u00fcrl\u00fc \u0130\u015fgale, Sald\u0131rganl\u0131\u011fa Ve Toplu Katliama Kar\u015f\u0131 Direni\u015f Me\u015fru Bir Hakt\u0131r"},"content":{"rendered":"<p style=\"text-align: justify;\"><strong>\u015eAM (SANA) &#8211;<\/strong> Cumhurba\u015fkan\u0131 Be\u015f\u015far Esad, \u0130ran D\u0131\u015fi\u015fleri Bakan\u0131 Abbas Erak\u00e7i ve beraberindeki heyetle yapt\u0131\u011f\u0131 g\u00f6r\u00fc\u015fmede, Suriye ile \u0130ran aras\u0131ndaki stratejik ili\u015fkiyi ve b\u00f6lgeyi ve b\u00f6lge halk\u0131n\u0131 tehdit eden zorluklar ve tehlikelerle, <img loading=\"lazy\" decoding=\"async\" class=\"size-medium wp-image-309644 alignright\" src=\"http:\/\/sana.sy\/tr\/wp-content\/uploads\/2024\/10\/01-copy-2-300x133.jpg\" alt=\"\" width=\"300\" height=\"133\" srcset=\"https:\/\/archive.sana.sy\/tr\/wp-content\/uploads\/2024\/10\/01-copy-2-300x133.jpg 300w, https:\/\/archive.sana.sy\/tr\/wp-content\/uploads\/2024\/10\/01-copy-2.jpg 660w\" sizes=\"auto, (max-width: 300px) 100vw, 300px\" \/>\u00f6zellikle de \u0130srail&#8217;in Arap topraklar\u0131n\u0131 i\u015fgal etmesiyle ve L\u00fcbnan, Filistin ve Suriye&#8217;deki sivillere kar\u015f\u0131 her g\u00fcn i\u015fledi\u011fi cinayet ve y\u0131k\u0131m su\u00e7lar\u0131yla y\u00fczle\u015fmede bu ili\u015fkinin \u00f6nemini vurgulad\u0131.<\/p>\n<p style=\"text-align: justify;\">Cumhurba\u015fkan\u0131 Esad, her t\u00fcrl\u00fc i\u015fgale, sald\u0131rganl\u0131\u011fa ve toplu katliama kar\u015f\u0131 direni\u015fin me\u015fru bir hak oldu\u011funu ve halk\u0131n bunu benimsemesi ve buna olan inanc\u0131 \u0131\u015f\u0131\u011f\u0131nda g\u00fc\u00e7l\u00fc oldu\u011funu do\u011frularken,\u00a0 \u0130srail varl\u0131\u011f\u0131n\u0131n b\u00f6lge halklar\u0131na ve \u00fclkelerinin egemenli\u011fine kar\u015f\u0131 tekrarlanan ihlal ve sald\u0131rganl\u0131klar\u0131na kar\u015f\u0131 \u0130ran&#8217;\u0131n yant\u0131n\u0131n\u0131n g\u00fc\u00e7l\u00fc bir yan\u0131t oldu\u011funu, Siyonist varl\u0131\u011fa, direni\u015f ekseninin d\u00fc\u015fman\u0131 cayd\u0131rabildi\u011fini, planlar\u0131n\u0131 engelleyebilece\u011fini ve halklar\u0131n\u0131n iradesi ve dayan\u0131\u015fmas\u0131 sayesinde g\u00fc\u00e7l\u00fc ve kararl\u0131 kalaca\u011f\u0131n\u0131 ifade etti.<\/p>\n<p style=\"text-align: justify;\"><img loading=\"lazy\" decoding=\"async\" class=\"size-medium wp-image-309667 alignright\" src=\"http:\/\/sana.sy\/tr\/wp-content\/uploads\/2024\/10\/02-copy-300x192.jpg\" alt=\"\" width=\"300\" height=\"192\" srcset=\"https:\/\/archive.sana.sy\/tr\/wp-content\/uploads\/2024\/10\/02-copy-300x192.jpg 300w, https:\/\/archive.sana.sy\/tr\/wp-content\/uploads\/2024\/10\/02-copy.jpg 660w\" sizes=\"auto, (max-width: 300px) 100vw, 300px\" \/>Cumhurba\u015fkan\u0131 Esad ayr\u0131ca, \u0130srail varl\u0131\u011f\u0131 i\u00e7in tek \u00e7\u00f6z\u00fcm\u00fcn, masum insanlar\u0131n \u00f6ld\u00fcr\u00fclmesini ve kan\u0131n\u0131n d\u00f6k\u00fclmesini durdurmak ve me\u015fru haklar\u0131n\u0131 sahiplerine iade etmek oldu\u011funu kaydetti.<\/p>\n<p style=\"text-align: justify;\">Bu ba\u011flamda Cumhurba\u015fkan\u0131 Esad, Bakan Erak\u00e7i ile \u0130srail&#8217;in karde\u015f L\u00fcbnan&#8217;a y\u00f6nelik sald\u0131rganl\u0131\u011f\u0131n\u0131 durdurman\u0131n yollar\u0131n\u0131 ve \u0130srail sald\u0131rganl\u0131\u011f\u0131n\u0131n neden oldu\u011fu b\u00fcy\u00fck g\u00f6\u00e7 \u0131\u015f\u0131\u011f\u0131nda L\u00fcbnanl\u0131 karde\u015flere destek ve yard\u0131m sa\u011flaman\u0131n \u00f6nemini g\u00f6r\u00fc\u015ft\u00fc.<\/p>\n<p style=\"text-align: justify;\">Kendi y\u00f6n\u00fcnden Bakan Erak\u00e7i, \u0130srail&#8217;in y\u0131k\u0131m ve \u00f6ld\u00fcrme makinesine kar\u015f\u0131 koymak i\u00e7in L\u00fcbnan ve Filistin&#8217;deki direni\u015fin g\u00fcc\u00fcne olan g\u00fcveni dile getirdi ve bu sald\u0131rganl\u0131\u011f\u0131 durdurmak i\u00e7in t\u00fcm destekleyici \u00fclkelerle koordinasyonun gereklili\u011fini vurgulad\u0131.<\/p>\n<p style=\"text-align: center;\"><strong><a href=\"https:\/\/t.me\/SuriyeArapHaberAjansI\">Telegram Kanal\u0131m\u0131z\u00a0<\/a><span style=\"color: #ff0000;\">||<\/span><a href=\"https:\/\/twitter.com\/arap_ajans\">X Platformumuz<span style=\"color: #ff0000;\">\u00a0<\/span><\/a><span style=\"color: #ff0000;\">||<\/span><a href=\"https:\/\/www.facebook.com\/SANAHaberAjansi\/\">Facebook Sayfam\u0131z<\/a><\/strong><\/p>\n","protected":false},"excerpt":{"rendered":"<p>\u015eAM (SANA) &#8211; Cumhurba\u015fkan\u0131 Be\u015f\u015far Esad, \u0130ran D\u0131\u015fi\u015fleri Bakan\u0131 Abbas Erak\u00e7i ve beraberindeki heyetle yapt\u0131\u011f\u0131 g\u00f6r\u00fc\u015fmede, Suriye ile \u0130ran aras\u0131ndaki stratejik ili\u015fkiyi ve b\u00f6lgeyi ve b\u00f6lge halk\u0131n\u0131 tehdit eden zorluklar ve tehlikelerle, \u00f6zellikle de \u0130srail&#8217;in Arap topraklar\u0131n\u0131 i\u015fgal etmesiyle ve L\u00fcbnan, Filistin ve Suriye&#8217;deki sivillere kar\u015f\u0131 her g\u00fcn i\u015fledi\u011fi cinayet ve y\u0131k\u0131m su\u00e7lar\u0131yla y\u00fczle\u015fmede bu &hellip;<\/p>\n","protected":false},"author":41,"featured_media":309646,"comment_status":"closed","ping_status":"closed","sticky":false,"template":"","format":"standard","meta":{"footnotes":""},"categories":[606,589,6459,605,17988],"tags":[],"class_list":["post-309643","post","type-post","status-publish","format-standard","has-post-thumbnail","","category-cumhurbaskani","category-haber-seridi","category-sana-fotolarl","category-sayin-cumhurbaskani","category-son-haberler"],"_links":{"self":[{"href":"https:\/\/archive.sana.sy\/tr\/index.php?rest_route=\/wp\/v2\/posts\/309643","targetHints":{"allow":["GET"]}}],"collection":[{"href":"https:\/\/archive.sana.sy\/tr\/index.php?rest_route=\/wp\/v2\/posts"}],"about":[{"href":"https:\/\/archive.sana.sy\/tr\/index.php?rest_route=\/wp\/v2\/types\/post"}],"author":[{"embeddable":true,"href":"https:\/\/archive.sana.sy\/tr\/index.php?rest_route=\/wp\/v2\/users\/41"}],"replies":[{"embeddable":true,"href":"https:\/\/archive.sana.sy\/tr\/index.php?rest_route=%2Fwp%2Fv2%2Fcomments&post=309643"}],"version-history":[{"count":2,"href":"https:\/\/archive.sana.sy\/tr\/index.php?rest_route=\/wp\/v2\/posts\/309643\/revisions"}],"predecessor-version":[{"id":309668,"href":"https:\/\/archive.sana.sy\/tr\/index.php?rest_route=\/wp\/v2\/posts\/309643\/revisions\/309668"}],"wp:featuredmedia":[{"embeddable":true,"href":"https:\/\/archive.sana.sy\/tr\/index.php?rest_route=\/wp\/v2\/media\/309646"}],"wp:attachment":[{"href":"https:\/\/archive.sana.sy\/tr\/index.php?rest_route=%2Fwp%2Fv2%2Fmedia&parent=309643"}],"wp:term":[{"taxonomy":"category","embeddable":true,"href":"https:\/\/archive.sana.sy\/tr\/index.php?rest_route=%2Fwp%2Fv2%2Fcategories&post=309643"},{"taxonomy":"post_tag","embeddable":true,"href":"https:\/\/archive.sana.sy\/tr\/index.php?rest_route=%2Fwp%2Fv2%2Ftags&post=309643"}],"curies":[{"name":"wp","href":"https:\/\/api.w.org\/{rel}","templated":true}]}}