{"id":309696,"date":"2024-10-06T15:14:32","date_gmt":"2024-10-06T12:14:32","guid":{"rendered":"https:\/\/sana.sy\/tr\/?p=309696"},"modified":"2024-10-07T19:01:27","modified_gmt":"2024-10-07T16:01:27","slug":"ekim-kurtulus-savasi-51-yildonumunde-milli-iradeyi-pekistiriyor-dusmanin-mitlerini-yikiyor","status":"publish","type":"post","link":"https:\/\/archive.sana.sy\/tr\/?p=309696","title":{"rendered":"Ekim Kurtulu\u015f Sava\u015f\u0131, 51. Y\u0131ld\u00f6n\u00fcm\u00fcnde \u2026 \u00a0Milli \u0130radeyi Peki\u015ftiriyor, D\u00fc\u015fman\u0131n Mitlerini Y\u0131k\u0131yor"},"content":{"rendered":"<p style=\"text-align: justify;\"><strong>\u015eAM (SANA)<\/strong> &#8211; Ekim Kurtulu\u015f Sava\u015f\u0131, tarihte yeni bir sayfa a\u00e7t\u0131; \u015fehitleri kadar saf, adanan ve inanan adamlar\u0131 kadar d\u00fcr\u00fcst, parlak bir sayfa. Bu sava\u015f, olaylar\u0131 ve sonu\u00e7lar\u0131 a\u00e7\u0131s\u0131ndan \u00e7ok \u00f6nemliydi ve \u0130srailli d\u00fc\u015fmanla \u00e7at\u0131\u015fman\u0131n gidi\u015fat\u0131, bir b\u00fct\u00fcn olarak Arap insan\u0131n\u0131n ve \u00f6zel olarak da Arap sava\u015f\u00e7\u0131n\u0131n lehine kesin bir de\u011fi\u015fime tan\u0131k oldu.\u00a0 Sayesinde Arap \u0130nsaninin kendine olan g\u00fcvenini yeniden kazand\u0131, inisiyatif ald\u0131, \u00f6zg\u00fcrle\u015fme ve in\u015fa s\u00fcrecini tamamlamak i\u00e7in kararl\u0131l\u0131k ve inan\u00e7la yola \u00e7\u0131kt\u0131.<\/p>\n<p style=\"text-align: justify;\">Ekim Kurtulu\u015f Sava\u015f\u0131&#8217;n\u0131n y\u0131ld\u00f6n\u00fcm\u00fc, her y\u0131l kutlanacak bir an\u0131 de\u011fil, bu g\u00fcnlerde b\u00f6lgeye daha fazla vah\u015fet, su\u00e7 ve kana susam\u0131\u015fl\u0131kla geri d\u00f6nen her t\u00fcrl\u00fc sald\u0131rganl\u0131kla m\u00fccadele alanlar\u0131nda ya\u015fayan bir ger\u00e7eklik haline geldi.<\/p>\n<p style=\"text-align: justify;\">Ekim Sava\u015f\u0131&#8217;n\u0131n \u00fcretti\u011fi derslerin ve bunun Suriyeliler ile t\u00fcm Araplar aras\u0131nda a\u015f\u0131lad\u0131\u011f\u0131 de\u011ferlerin \u00f6nemi buradan kaynaklanmaktad\u0131r; b\u00f6ylece \u0130srail sald\u0131rganl\u0131\u011f\u0131na kar\u015f\u0131 koyman\u0131n bu turunda bug\u00fcn kendilerine daha fazla g\u00fcvenirler. Bu, Ekim Sava\u015f\u0131&#8217;n\u0131 takip eden son ony\u0131llarda h\u0131zlanan bir seyir izleyen kurtulu\u015f s\u00fcrecini durdurmak i\u00e7in bizzat s\u00f6m\u00fcrge \u00fclkelerden s\u0131n\u0131rs\u0131z destek alan bir d\u00fc\u015fmand\u0131r.<\/p>\n<p style=\"text-align: justify;\">Arap milletinin egemenli\u011fini, varl\u0131\u011f\u0131n\u0131 ve varl\u0131\u011f\u0131n\u0131 savunma m\u00fccadelesi, 6 Ekim 1973 g\u00fcn\u00fc \u00f6\u011fleden sonra saat ikide Ekim Kurtulu\u015f Sava\u015f\u0131&#8217;n\u0131n s\u0131f\u0131r saatinin ba\u015flang\u0131c\u0131ndan bu yana devam ediyor&#8230; Silahlar farkl\u0131, d\u00fc\u015fmanlar\u0131n renkleri farkl\u0131, sava\u015fma y\u00f6ntemleri farkl\u0131 olsa da, Suriyeliler ve Arap milletinin \u015ferefli mensuplar\u0131 aras\u0131nda milli ruh ve topra\u011fa aidiyet hala ayn\u0131 olan bir sava\u015ft\u0131r.<\/p>\n<p style=\"text-align: justify;\">Kurucu lider Haf\u0131z Esad, Haziran 1967 yenilgisinin etkilerini silmek i\u00e7in hi\u00e7bir \u00e7abadan ka\u00e7\u0131nmad\u0131 ve Ekim Kurtulu\u015f Sava\u015f\u0131&#8217;na \u00f6nc\u00fcl\u00fck etti. Lider, ordu ve halk zafer kazans\u0131n, \u015fehitlerin saf kanlar\u0131yla destanlar\u0131 yaz\u0131lan bir ulusal rekora geni\u015f bir ba\u015fl\u0131k oldu.<\/p>\n<p style=\"text-align: justify;\">Ekim Kurtulu\u015f Sava\u015f\u0131, yenilginin ard\u0131ndan umutsuzluk duvar\u0131n\u0131 y\u0131kt\u0131 ve Suriye&#8217;nin, varl\u0131\u011f\u0131n\u0131 ve gelece\u011fini savunan Arap milletinin sars\u0131lmaz kalesi oldu\u011fu ger\u00e7e\u011fini ortaya koydu.<\/p>\n<p style=\"text-align: justify;\">Siyonist d\u00fc\u015fman\u0131n yenilgiye u\u011frat\u0131lmas\u0131n\u0131n ard\u0131ndan direni\u015fin rol\u00fc, Ekim ay\u0131nda G\u00fcney L\u00fcbnan&#8217;\u0131 i\u015fgal ederek zaferi \u00e7almaya \u00e7al\u0131\u015fan b\u00f6lgedeki s\u00f6m\u00fcrgeci planlar\u0131n vurulmas\u0131nda as\u0131l yerini almaya ba\u015flad\u0131. Ancak Suriye Arap Ordusu, 1982 y\u0131l\u0131nda Siyonist d\u00fc\u015fman\u0131 \u015fehitlerinin kan\u0131 ve yi\u011fitlerinin kahramanl\u0131\u011f\u0131yla ma\u011flup etti ve 2000 y\u0131l\u0131nda g\u00fcney L\u00fcbnan topraklar\u0131n\u0131n \u00e7o\u011funun \u00f6zg\u00fcrle\u015ftirilmesine kadar L\u00fcbnan Ulusal Direni\u015fi&#8217;ni desteklemeye devam etti. Bu, 2006 y\u0131l\u0131nda G\u00fcney L\u00fcbnan&#8217;da d\u00fc\u015fman\u0131 yenmek i\u00e7in bir ba\u015flang\u0131\u00e7 \u200b\u200bnoktas\u0131 olu\u015fturdu ve direni\u015f ekseninin ba\u015fard\u0131\u011f\u0131n\u0131 k\u0131rmaya \u00e7al\u0131\u015fan Tekfirci ter\u00f6rizmin Suriye topraklar\u0131nda yenilgiye u\u011frat\u0131lmas\u0131na yol a\u00e7t\u0131.<\/p>\n<p style=\"text-align: justify;\">Ekim Kurtulu\u015f Sava\u015f\u0131 yeni bir ger\u00e7eklik yaratarak t\u00fcm d\u00fcnyay\u0131 sarsan \u00e7ok \u00f6nemli etki ve sonu\u00e7lar do\u011furmu\u015f, bu d\u00fcnyan\u0131n Araplara bak\u0131\u015f\u0131, \u00f6zellikle Haziran 1967 yenilgisinden sonra eski olumsuz bak\u0131\u015f\u0131ndan farkl\u0131la\u015fm\u0131\u015ft\u0131r.<\/p>\n<p style=\"text-align: justify;\">Ekim Kurtulu\u015f Sava\u015f\u0131, Siyonist d\u00fc\u015fmanla ya\u015fanan \u00e7at\u0131\u015fma ba\u011flam\u0131nda belirleyici bir de\u011fi\u015fime imza att\u0131. Arap sava\u015f\u00e7\u0131, inisiyatifin kontrol\u00fcn\u00fc ele ge\u00e7irdi ve modern Arap tarihinde ilk kez onu \u0130srailli d\u00fc\u015fman\u0131n elinden kapt\u0131&#8230;<\/p>\n<p style=\"text-align: justify;\">Cumhurba\u015fkan\u0131 Haf\u0131z Esad&#8217;\u0131n 6 Ekim Ramazan&#8217;\u0131n onuncu g\u00fcn\u00fcnde somutla\u015ft\u0131rd\u0131\u011f\u0131, i\u015fgal alt\u0131ndaki topraklar\u0131 kurtarmak i\u00e7in sava\u015f a\u00e7ma y\u00f6n\u00fcndeki tarihi karar, en b\u00fcy\u00fck ve en tehlikeli karar olarak kabul ediliyor. Sadece \u00e7a\u011fda\u015f Arap tarihinde de\u011fil, ayn\u0131 zamanda \u00e7a\u011fda\u015f d\u00fcnya tarihinde de&#8230;<\/p>\n<p style=\"text-align: justify;\">Suriye Arap Ordusu&#8217;nun onlarca y\u0131ld\u0131r in\u015fa etti\u011fi m\u00fccadele dersleri, sava\u015f taktikleri ve askeri stratejiler, onur ve kahramanl\u0131k sava\u015flar\u0131ndaki zaferlere yans\u0131yor.<\/p>\n<p style=\"text-align: center;\"><strong><a href=\"https:\/\/t.me\/SuriyeArapHaberAjansI\">Telegram Kanal\u0131m\u0131z\u00a0<\/a>||<a href=\"https:\/\/twitter.com\/arap_ajans\">X Platformumuz\u00a0<\/a>||<a href=\"https:\/\/www.facebook.com\/SANAHaberAjansi\/\">Facebook Sayfam\u0131z<\/a><\/strong><\/p>\n","protected":false},"excerpt":{"rendered":"<p>\u015eAM (SANA) &#8211; Ekim Kurtulu\u015f Sava\u015f\u0131, tarihte yeni bir sayfa a\u00e7t\u0131; \u015fehitleri kadar saf, adanan ve inanan adamlar\u0131 kadar d\u00fcr\u00fcst, parlak bir sayfa. Bu sava\u015f, olaylar\u0131 ve sonu\u00e7lar\u0131 a\u00e7\u0131s\u0131ndan \u00e7ok \u00f6nemliydi ve \u0130srailli d\u00fc\u015fmanla \u00e7at\u0131\u015fman\u0131n gidi\u015fat\u0131, bir b\u00fct\u00fcn olarak Arap insan\u0131n\u0131n ve \u00f6zel olarak da Arap sava\u015f\u00e7\u0131n\u0131n lehine kesin bir de\u011fi\u015fime tan\u0131k oldu.\u00a0 Sayesinde Arap &hellip;<\/p>\n","protected":false},"author":41,"featured_media":309697,"comment_status":"closed","ping_status":"closed","sticky":false,"template":"","format":"standard","meta":{"footnotes":""},"categories":[458,589,459,479,17988,478],"tags":[42593,42594,24443],"class_list":["post-309696","post","type-post","status-publish","format-standard","has-post-thumbnail","","category-dunya1","category-haber-seridi","category-haberler-arap-uluslararasi-politika","category-haberler-yerel","category-son-haberler","category-yerel","tag-51-yildonumunde-milli-iradeyi-pekistiriyor","tag-dusmanin-mitlerini-yikiyor","tag-ekim-kurtulus-savasi"],"_links":{"self":[{"href":"https:\/\/archive.sana.sy\/tr\/index.php?rest_route=\/wp\/v2\/posts\/309696","targetHints":{"allow":["GET"]}}],"collection":[{"href":"https:\/\/archive.sana.sy\/tr\/index.php?rest_route=\/wp\/v2\/posts"}],"about":[{"href":"https:\/\/archive.sana.sy\/tr\/index.php?rest_route=\/wp\/v2\/types\/post"}],"author":[{"embeddable":true,"href":"https:\/\/archive.sana.sy\/tr\/index.php?rest_route=\/wp\/v2\/users\/41"}],"replies":[{"embeddable":true,"href":"https:\/\/archive.sana.sy\/tr\/index.php?rest_route=%2Fwp%2Fv2%2Fcomments&post=309696"}],"version-history":[{"count":3,"href":"https:\/\/archive.sana.sy\/tr\/index.php?rest_route=\/wp\/v2\/posts\/309696\/revisions"}],"predecessor-version":[{"id":309717,"href":"https:\/\/archive.sana.sy\/tr\/index.php?rest_route=\/wp\/v2\/posts\/309696\/revisions\/309717"}],"wp:featuredmedia":[{"embeddable":true,"href":"https:\/\/archive.sana.sy\/tr\/index.php?rest_route=\/wp\/v2\/media\/309697"}],"wp:attachment":[{"href":"https:\/\/archive.sana.sy\/tr\/index.php?rest_route=%2Fwp%2Fv2%2Fmedia&parent=309696"}],"wp:term":[{"taxonomy":"category","embeddable":true,"href":"https:\/\/archive.sana.sy\/tr\/index.php?rest_route=%2Fwp%2Fv2%2Fcategories&post=309696"},{"taxonomy":"post_tag","embeddable":true,"href":"https:\/\/archive.sana.sy\/tr\/index.php?rest_route=%2Fwp%2Fv2%2Ftags&post=309696"}],"curies":[{"name":"wp","href":"https:\/\/api.w.org\/{rel}","templated":true}]}}