{"id":309703,"date":"2024-10-06T15:49:17","date_gmt":"2024-10-06T12:49:17","guid":{"rendered":"https:\/\/sana.sy\/tr\/?p=309703"},"modified":"2024-10-06T19:08:49","modified_gmt":"2024-10-06T16:08:49","slug":"isgal-edilen-golandaki-halkimiz-ekim-kurtulus-savasi-isgalin-vahsetini-kirdi","status":"publish","type":"post","link":"https:\/\/archive.sana.sy\/tr\/?p=309703","title":{"rendered":"\u0130\u015fgal Edilen Golan&#8217;daki Halk\u0131m\u0131z: Ekim Kurtulu\u015f Sava\u015f\u0131 \u0130\u015fgalin Vah\u015fetini K\u0131rd\u0131"},"content":{"rendered":"<p style=\"text-align: justify;\"><strong>\u0130\u015eGAL ED\u0130LEN SUR\u0130YEL\u0130 GOLAN (SANA)<\/strong> &#8211; \u0130\u015fgal edilen Suriye Golan&#8217;\u0131ndaki halk\u0131m\u0131z, kurucu lider Haf\u0131z Esad&#8217;\u0131n \u00f6nc\u00fcl\u00fck etti\u011fi ve planlad\u0131\u011f\u0131 Ekim Kurtulu\u015f Sava\u015f\u0131&#8217;n\u0131n i\u015fgalci \u0130srail\u2019in vah\u015fetini k\u0131rd\u0131\u011f\u0131n\u0131 ve zafer yarataca\u011f\u0131n\u0131 vurgulayarak, Topraklar\u0131n\u0131n her zerresi \u00f6zg\u00fcrle\u015fene ve vatanlar\u0131 Suriye&#8217;ye d\u00f6nene kadar m\u00fccadelelerinin devam edece\u011fini kaydetti.<\/p>\n<p style=\"text-align: justify;\">Ekim zaferine tan\u0131k olan Golan halk\u0131, kuzeyde El \u015eeyh Da\u011f\u0131&#8217;n\u0131n yama\u00e7lar\u0131ndan g\u00fcneyde Tabarayya&#8217;ya kadar Golan topraklar\u0131ndaki topraklar\u0131n koruyucular\u0131n\u0131n somutla\u015ft\u0131rd\u0131\u011f\u0131 zaferlere ve kahramanl\u0131klara ili\u015fkin bir\u00e7ok hikayeyi h\u00e2l\u00e2 <img loading=\"lazy\" decoding=\"async\" class=\"size-full wp-image-309705 alignright\" src=\"http:\/\/sana.sy\/tr\/wp-content\/uploads\/2024\/10\/5-1-300x169-1.jpg\" alt=\"\" width=\"300\" height=\"169\" \/>hat\u0131rl\u0131yor.<\/p>\n<p style=\"text-align: justify;\">SANA muhabirine yapt\u0131\u011f\u0131 a\u00e7\u0131klamada Mecdal \u015eems&#8217;in o\u011flu Hasan Fahreddin \u015fu ifadeleri kulland\u0131: \u2018\u2019Sava\u015f s\u0131ras\u0131nda k\u00f6y\u00fcmde ya\u015fad\u0131m ve ailenin El \u015eeyh Da\u011f\u0131 ve Golan yama\u00e7lar\u0131na d\u00fc\u015fen i\u015fgal u\u00e7aklar\u0131n\u0131 ve Suriye Arap Ordusu&#8217;nun ilerleyi\u015fini \u00e7at\u0131lardan izledi\u011fini hat\u0131rl\u0131yorum.\u2019\u2019<\/p>\n<p style=\"text-align: justify;\">Golan&#8217;\u0131n i\u015fgalinden \u00f6nce Suriye Arap Ordusu&#8217;nda asker olan Fares Uveydat \u015funlar\u0131 s\u00f6yledi: \u2018\u2019Bu duygular, sava\u015f\u0131n k\u0131v\u0131lc\u0131m\u0131n\u0131n ilk ate\u015flendi\u011fi andan itibaren h\u00e2l\u00e2 kan\u0131m\u0131zda dola\u015f\u0131yor. Her ilerlemeyle birlikte b\u00fcy\u00fcd\u00fck ve bug\u00fcne kadar sa\u011flam kalan ve i\u015fgalcinin Golan topraklar\u0131ndaki kayb\u0131na tan\u0131kl\u0131k eden bu kahramanl\u0131klarla gurur duyduk.\u2019\u2019<\/p>\n<p style=\"text-align: justify;\">\u015eeyh Cad El Kerim Nas\u0131r ise Golan&#8217;\u0131n i\u015fgalinin \u00fczerinden 57 y\u0131l ge\u00e7mesine ra\u011fmen halk\u0131n\u0131n bug\u00fcn anavatanlar\u0131 Suriye&#8217;ye daha sad\u0131k oldu\u011funu ve Suriyeli Arap kimli\u011fine daha ba\u011fl\u0131 oldu\u011funu do\u011frulad\u0131.<\/p>\n<p style=\"text-align: justify;\">\u00a0\u0130\u015fgalin Golan&#8217;daki planlar\u0131n\u0131 bo\u015fa \u00e7\u0131karan, o\u011fuGollar\u0131, \u015fehitleri ve tutsaklar\u0131n\u0131n cesetleriyle direni\u015f ve m\u00fccadele haritas\u0131n\u0131 \u00e7izen, Golan&#8217;\u0131n pusulas\u0131n\u0131n asla de\u011fi\u015fmedi\u011fini teyit eden onlard\u0131r.<\/p>\n<p style=\"text-align: justify;\">Bug\u00fcne kadar Ekim sava\u015flar\u0131, i\u015fgal alt\u0131ndaki Golan&#8217;daki kay\u0131plar\u0131n\u0131n \u00e7o\u011funu gizleyen i\u015fgalci \u0130srail\u2019e kar\u015f\u0131 Suriye Arap Ordusu&#8217;nun g\u00f6sterdi\u011fi kahramanl\u0131\u011f\u0131n bir tan\u0131\u011f\u0131 olmaya devam ediyor.<\/p>\n<p style=\"text-align: center;\"><strong><a href=\"https:\/\/t.me\/SuriyeArapHaberAjansI\">Telegram Kanal\u0131m\u0131z\u00a0<\/a>||<a href=\"https:\/\/twitter.com\/arap_ajans\">X Platformumuz\u00a0<\/a>||<a href=\"https:\/\/www.facebook.com\/SANAHaberAjansi\/\">Facebook Sayfam\u0131z<\/a><\/strong><\/p>\n","protected":false},"excerpt":{"rendered":"<p>\u0130\u015eGAL ED\u0130LEN SUR\u0130YEL\u0130 GOLAN (SANA) &#8211; \u0130\u015fgal edilen Suriye Golan&#8217;\u0131ndaki halk\u0131m\u0131z, kurucu lider Haf\u0131z Esad&#8217;\u0131n \u00f6nc\u00fcl\u00fck etti\u011fi ve planlad\u0131\u011f\u0131 Ekim Kurtulu\u015f Sava\u015f\u0131&#8217;n\u0131n i\u015fgalci \u0130srail\u2019in vah\u015fetini k\u0131rd\u0131\u011f\u0131n\u0131 ve zafer yarataca\u011f\u0131n\u0131 vurgulayarak, Topraklar\u0131n\u0131n her zerresi \u00f6zg\u00fcrle\u015fene ve vatanlar\u0131 Suriye&#8217;ye d\u00f6nene kadar m\u00fccadelelerinin devam edece\u011fini kaydetti. Ekim zaferine tan\u0131k olan Golan halk\u0131, kuzeyde El \u015eeyh Da\u011f\u0131&#8217;n\u0131n yama\u00e7lar\u0131ndan g\u00fcneyde &hellip;<\/p>\n","protected":false},"author":41,"featured_media":309704,"comment_status":"closed","ping_status":"closed","sticky":false,"template":"","format":"standard","meta":{"footnotes":""},"categories":[589,479,17988,478],"tags":[42596],"class_list":["post-309703","post","type-post","status-publish","format-standard","has-post-thumbnail","","category-haber-seridi","category-haberler-yerel","category-son-haberler","category-yerel","tag-golan-kime-ait"],"_links":{"self":[{"href":"https:\/\/archive.sana.sy\/tr\/index.php?rest_route=\/wp\/v2\/posts\/309703","targetHints":{"allow":["GET"]}}],"collection":[{"href":"https:\/\/archive.sana.sy\/tr\/index.php?rest_route=\/wp\/v2\/posts"}],"about":[{"href":"https:\/\/archive.sana.sy\/tr\/index.php?rest_route=\/wp\/v2\/types\/post"}],"author":[{"embeddable":true,"href":"https:\/\/archive.sana.sy\/tr\/index.php?rest_route=\/wp\/v2\/users\/41"}],"replies":[{"embeddable":true,"href":"https:\/\/archive.sana.sy\/tr\/index.php?rest_route=%2Fwp%2Fv2%2Fcomments&post=309703"}],"version-history":[{"count":2,"href":"https:\/\/archive.sana.sy\/tr\/index.php?rest_route=\/wp\/v2\/posts\/309703\/revisions"}],"predecessor-version":[{"id":309718,"href":"https:\/\/archive.sana.sy\/tr\/index.php?rest_route=\/wp\/v2\/posts\/309703\/revisions\/309718"}],"wp:featuredmedia":[{"embeddable":true,"href":"https:\/\/archive.sana.sy\/tr\/index.php?rest_route=\/wp\/v2\/media\/309704"}],"wp:attachment":[{"href":"https:\/\/archive.sana.sy\/tr\/index.php?rest_route=%2Fwp%2Fv2%2Fmedia&parent=309703"}],"wp:term":[{"taxonomy":"category","embeddable":true,"href":"https:\/\/archive.sana.sy\/tr\/index.php?rest_route=%2Fwp%2Fv2%2Fcategories&post=309703"},{"taxonomy":"post_tag","embeddable":true,"href":"https:\/\/archive.sana.sy\/tr\/index.php?rest_route=%2Fwp%2Fv2%2Ftags&post=309703"}],"curies":[{"name":"wp","href":"https:\/\/api.w.org\/{rel}","templated":true}]}}