{"id":309709,"date":"2024-10-06T17:45:45","date_gmt":"2024-10-06T14:45:45","guid":{"rendered":"https:\/\/sana.sy\/tr\/?p=309709"},"modified":"2024-10-06T17:46:48","modified_gmt":"2024-10-06T14:46:48","slug":"beerseba-kentinde-duzenlenen-kahramanca-operasyonda-14-israilli-asker-olu-ve-yarali","status":"publish","type":"post","link":"https:\/\/archive.sana.sy\/tr\/?p=309709","title":{"rendered":"Beer\u015feba Kentinde D\u00fczenlenen Kahramanca Operasyonda, 14 \u0130srailli Asker \u00d6l\u00fc Ve Yaral\u0131"},"content":{"rendered":"<p style=\"text-align: justify;\"><strong>\u0130\u015eGAL ED\u0130LEN KUD\u00dcS (SANA) &#8211;<\/strong> Filistinli direni\u015f sava\u015f\u00e7\u0131s\u0131n\u0131n Beer\u015feba kentinde 1948&#8217;de i\u015fgal etti\u011fi topraklarda bug\u00fcn ger\u00e7ekle\u015ftirdi\u011fi kahramanca operasyonda 14 \u0130srail i\u015fgal askeri ve yerle\u015fimci \u00f6ld\u00fcr\u00fcld\u00fc ve yaraland\u0131.<\/p>\n<p style=\"text-align: justify;\">Filistin medyas\u0131, \u2018\u2019\u0130\u015fgal edilen topraklar\u0131n Negev \u015fehrinden genc\u00e7 Ahmed El Ukeybi, Beer\u015feba&#8217;daki merkez otob\u00fcs terminaline gelerek bir i\u015fgal askerini b\u0131\u00e7aklad\u0131, silah\u0131n\u0131n kontrol\u00fcn\u00fc ele ge\u00e7irdi ve oradaki bir grup i\u015fgal askeri ve yerle\u015fimciye ate\u015f a\u00e7t\u0131. Sonu\u00e7 olarak kad\u0131n asker hayat\u0131n\u0131 kaybetti, bir\u00e7o\u011funun durumu a\u011f\u0131r 13 ki\u015fi de yaraland\u0131\u2019\u2019 dedi.<\/p>\n<p style=\"text-align: center;\"><strong><a href=\"https:\/\/t.me\/SuriyeArapHaberAjansI\">Telegram Kanal\u0131m\u0131z\u00a0<\/a>||<a href=\"https:\/\/twitter.com\/arap_ajans\">X Platformumuz\u00a0<\/a>||<a href=\"https:\/\/www.facebook.com\/SANAHaberAjansi\/\">Facebook Sayfam\u0131z<\/a><\/strong><\/p>\n","protected":false},"excerpt":{"rendered":"<p>\u0130\u015eGAL ED\u0130LEN KUD\u00dcS (SANA) &#8211; Filistinli direni\u015f sava\u015f\u00e7\u0131s\u0131n\u0131n Beer\u015feba kentinde 1948&#8217;de i\u015fgal etti\u011fi topraklarda bug\u00fcn ger\u00e7ekle\u015ftirdi\u011fi kahramanca operasyonda 14 \u0130srail i\u015fgal askeri ve yerle\u015fimci \u00f6ld\u00fcr\u00fcld\u00fc ve yaraland\u0131. Filistin medyas\u0131, \u2018\u2019\u0130\u015fgal edilen topraklar\u0131n Negev \u015fehrinden genc\u00e7 Ahmed El Ukeybi, Beer\u015feba&#8217;daki merkez otob\u00fcs terminaline gelerek bir i\u015fgal askerini b\u0131\u00e7aklad\u0131, silah\u0131n\u0131n kontrol\u00fcn\u00fc ele ge\u00e7irdi ve oradaki bir grup &hellip;<\/p>\n","protected":false},"author":41,"featured_media":309710,"comment_status":"closed","ping_status":"closed","sticky":false,"template":"","format":"standard","meta":{"footnotes":""},"categories":[458,589,459,17988],"tags":[5614,42124,41641],"class_list":["post-309709","post","type-post","status-publish","format-standard","has-post-thumbnail","","category-dunya1","category-haber-seridi","category-haberler-arap-uluslararasi-politika","category-son-haberler","tag-israil","tag-lubnanda-son-durum","tag-son-gelimeler"],"_links":{"self":[{"href":"https:\/\/archive.sana.sy\/tr\/index.php?rest_route=\/wp\/v2\/posts\/309709","targetHints":{"allow":["GET"]}}],"collection":[{"href":"https:\/\/archive.sana.sy\/tr\/index.php?rest_route=\/wp\/v2\/posts"}],"about":[{"href":"https:\/\/archive.sana.sy\/tr\/index.php?rest_route=\/wp\/v2\/types\/post"}],"author":[{"embeddable":true,"href":"https:\/\/archive.sana.sy\/tr\/index.php?rest_route=\/wp\/v2\/users\/41"}],"replies":[{"embeddable":true,"href":"https:\/\/archive.sana.sy\/tr\/index.php?rest_route=%2Fwp%2Fv2%2Fcomments&post=309709"}],"version-history":[{"count":1,"href":"https:\/\/archive.sana.sy\/tr\/index.php?rest_route=\/wp\/v2\/posts\/309709\/revisions"}],"predecessor-version":[{"id":309711,"href":"https:\/\/archive.sana.sy\/tr\/index.php?rest_route=\/wp\/v2\/posts\/309709\/revisions\/309711"}],"wp:featuredmedia":[{"embeddable":true,"href":"https:\/\/archive.sana.sy\/tr\/index.php?rest_route=\/wp\/v2\/media\/309710"}],"wp:attachment":[{"href":"https:\/\/archive.sana.sy\/tr\/index.php?rest_route=%2Fwp%2Fv2%2Fmedia&parent=309709"}],"wp:term":[{"taxonomy":"category","embeddable":true,"href":"https:\/\/archive.sana.sy\/tr\/index.php?rest_route=%2Fwp%2Fv2%2Fcategories&post=309709"},{"taxonomy":"post_tag","embeddable":true,"href":"https:\/\/archive.sana.sy\/tr\/index.php?rest_route=%2Fwp%2Fv2%2Ftags&post=309709"}],"curies":[{"name":"wp","href":"https:\/\/api.w.org\/{rel}","templated":true}]}}