{"id":30971,"date":"2015-04-26T23:55:51","date_gmt":"2015-04-26T20:55:51","guid":{"rendered":"http:\/\/www.sana.sy\/tr\/?p=30971"},"modified":"2015-04-27T16:36:00","modified_gmt":"2015-04-27T13:36:00","slug":"cisr-el-sugur-cevresinde-teroristlerin-agir-kayiplari-artiyor","status":"publish","type":"post","link":"https:\/\/archive.sana.sy\/tr\/?p=30971","title":{"rendered":"T\u00fcrkiye&#8217;deki Rejimin Destekledi\u011fi Ter\u00f6r \u00c7etelerin A\u011f\u0131r Kay\u0131plar\u0131 Devam Ediyor"},"content":{"rendered":"<p>\u0130LLER \u2013 Ordu birliklerimiz ihvanc\u0131 Erdo\u011fan rejimi, Al Suud Rejimi ve i\u015fgalci \u0130srail destekli radikal ve kiral\u0131k ter\u00f6ristlere y\u00f6nelik ba\u015far\u0131l\u0131 operasyonlar\u0131n\u0131 s\u00fcrd\u00fcr\u00fcrken; bir\u00e7o\u011fu yabanc\u0131 olan olduk\u00e7a y\u00fcksek say\u0131da ter\u00f6risti ara\u00e7lar\u0131 ve cephaneleriyle birlikte etkisizle\u015ftirdi.<\/p>\n<p><span style=\"color: #0000ff\">\u015eam K\u0131rsal\u0131nda Aralar\u0131nda Eleba\u015flar\u0131n Bulundu\u011fu \u00c7ok Say\u0131da Ter\u00f6rist \u00d6ld\u00fcr\u00fcld\u00fc<\/span><\/p>\n<p>Askeri kaynak; \u015eam k\u0131rsal\u0131 Cisrin Beldesinde \u2018Ahrar el \u015eam \u0130slami Hareketi\u2019ne ait bir karargah\u0131 imha ederek aralar\u0131nda L\u00fcbnanl\u0131 Ziyad H\u00fcseyin Zeyter\u2019in bulundu\u011fu \u00e7ok say\u0131da ter\u00f6risti \u00f6l\u00fc ve yaral\u0131 d\u00fc\u015f\u00fcrd\u00fcklerini ifade etti.<\/p>\n<p>Kaynak; ordu birliklerimizin Hteytet el Cara\u015f \u00e7iftliklerinde ger\u00e7ekle\u015ftirdikleri operasyon esnas\u0131nda \u2018Ebu el \u0130zz el Aytoni\u2019 kod ad\u0131yla bilinen tehlikeli bir ter\u00f6r eleba\u015f\u0131n\u0131n \u00f6ld\u00fcr\u00fcld\u00fc\u011f\u00fcn\u00fc aktard\u0131.<\/p>\n<p>Erbin Beldesinde ise ter\u00f6ristlere ait bir karargah\u0131 hedef alan ordu birliklerimiz bir ter\u00f6r grubunun t\u00fcm \u00fcyelerini \u00f6l\u00fc ve yaral\u0131 d\u00fc\u015f\u00fcr\u00fcrken; Duma Kasabas\u0131nda yuva ve karargahlar\u0131n\u0131 muhtevalar\u0131yla birlikte imha ettiler.<\/p>\n<p>Do\u011fu \u011euta\u2019n\u0131n g\u00fcney kenar\u0131 Zebdin ve Deyr el Asafir \u00e7iftliklerinde ter\u00f6r gruplar\u0131n\u0131 kovalayan ordu birliklerimiz \u00e7ok say\u0131da ter\u00f6risti \u00f6l\u00fc ve yaral\u0131 d\u00fc\u015f\u00fcrd\u00fc.<\/p>\n<p>Ordu birliklerimiz ayn\u0131 zamanda Kalemun da\u011flar\u0131n\u0131n kuzeyi el M\u015ferfe ve R\u00e2s el Muarra beldelerinin da\u011fl\u0131k arazilerine ilaveten Musa ge\u00e7idi yak\u0131nlar\u0131nda siper ve karargahlar\u0131n\u0131 imha etti.<\/p>\n<p>Ordu birliklerimiz \u015eam k\u0131rsal\u0131n\u0131n g\u00fcneybat\u0131s\u0131 Han el \u015eih B\u00f6lgesinde askeri noktalara sald\u0131r\u0131 giri\u015fiminde bulunan bir ter\u00f6r grubunun t\u00fcm \u00fcyelerini silahlar\u0131yla birlikte etkisiz olarak ele ge\u00e7irdi.<\/p>\n<p><span style=\"color: #0000ff\">\u0130dlib Cisr el \u015eu\u011fur ve Hama\u2019n\u0131n Kuzey K\u0131rsal\u0131na S\u0131zan Ter\u00f6ristler \u00d6ld\u00fcr\u00fcld\u00fc<\/span><\/p>\n<p>Askeri kaynak ordu birliklerimizin \u0130dlib\u2019in Cisr el \u015eu\u011fur ve Hama\u2019n\u0131n kuzey k\u0131rsal\u0131nda bulunan askeri kontrol noktalar\u0131na sald\u0131r\u0131 giri\u015fiminde bulunan ter\u00f6ristlere y\u00f6nelik gece saatlerinde d\u00fczenledikleri operasyonlarda sald\u0131rganlar\u0131 say\u0131 ve te\u00e7hizat bak\u0131m\u0131ndan olduk\u00e7a a\u011f\u0131r kay\u0131plara u\u011fratt\u0131klar\u0131n\u0131 s\u00f6yledi.<\/p>\n<p>\u00d6ld\u00fcr\u00fclen ter\u00f6ristlerin aras\u0131nda \u00e7ok say\u0131da yabanc\u0131n\u0131n bulundu\u011funa dikkat \u00e7eken kaynak sa\u011f kalan ve ka\u00e7an radikal ve hainleri kovalama operasyonlar\u0131n\u0131n devam etti\u011fini aktard\u0131.<\/p>\n<p>Cisr el \u015eu\u011fur Kasabas\u0131ndaki devlet hastanesi civar\u0131nda bir ter\u00f6r grubunu s\u0131k\u0131 pusuya d\u00fc\u015f\u00fcren ordu birliklerimiz grup \u00fcyelerinin tamam\u0131n\u0131 te\u00e7hizatlar\u0131yla birlikte etkisiz olarak ele ge\u00e7irdi.<\/p>\n<p>Yine \u0130dlib k\u0131rsal\u0131 Cisr el \u015eu\u011fur \u2013 Cabudiye ekseninde ise hava g\u00fc\u00e7lerimiz ter\u00f6rist ta\u015f\u0131yan ve bir k\u0131sm\u0131 a\u011f\u0131r silahlarla donat\u0131lm\u0131\u015f b\u00fcy\u00fck bir ara\u00e7 konvoyunu ta\u015f\u0131d\u0131\u011f\u0131 ter\u00f6ristler ve cephaneyle birlikte tamamen imha etti.<\/p>\n<p>Askeri kaynak hava g\u00fc\u00e7lerimizin \u0130dlib k\u0131rsal\u0131 Mecdeliya\u2019da a\u011f\u0131r taramal\u0131 silahlarla donan\u0131ml\u0131 3 arac\u0131 imha etti\u011fini, Kmeynas\u2019ta da ter\u00f6ristlere ait bir toplanma merkezini hedef al\u0131p \u00e7ok say\u0131da ter\u00f6risti \u00f6l\u00fc ve yaral\u0131 d\u00fc\u015f\u00fcrd\u00fcklerini s\u00f6yledi.<\/p>\n<p>Askeri kaynak ordu birliklerimizin ayr\u0131ca \u0130dlib k\u0131rsal\u0131 Kiremit askeri mevkii \u00e7evresinde bir z\u0131rhl\u0131 arac\u0131 imha ederek, kiral\u0131k ve radikal ter\u00f6r \u00e7etelerin mevkie s\u0131zma giri\u015fimlerini \u00e7\u00f6kerttiklerini aktar\u0131rken, \u00e7at\u0131\u015fmada 15 ter\u00f6ristin \u00f6ld\u00fcr\u00fcld\u00fc\u011f\u00fcn\u00fc ifade etti.<\/p>\n<p><span style=\"color: #0000ff\">Halep K\u0131rsal\u0131nda Onlarca Ter\u00f6rist \u00d6ld\u00fcr\u00fcld\u00fc<\/span><\/p>\n<p>Halep&#8217;te ise ordu birliklerimiz T\u00fcrkiye&#8217;deki rejimin destek ve y\u00f6nlendirmeleriyle deh\u015fet sa\u00e7an Nusra Cephesi ve di\u011fer tekfirci \u00f6rg\u00fctlerin k\u00fcmelenme yerleriyle birlikte T\u00fcrkiye&#8217;den destek ve ikmal hatlar\u0131na yo\u011fun operasyonlarda bulundu.<\/p>\n<p>Halep k\u0131rsal\u0131n\u0131n g\u00fcneyinde askeri kaynak SANA muhabirine a\u00e7\u0131klamas\u0131nda; ordu birliklerimizin Ramleh, Um Han, Merba el Kebir,, Merba Sellum ve Burc Seyne K\u00f6ylerinde ter\u00f6r karargahlar\u0131n\u0131 i\u00e7erdikleri ter\u00f6ristler ve cephaneyle birlikte imha ettiklerini aktard\u0131. Operasyonlarda \u00e7ok say\u0131da ter\u00f6ristin \u00f6ld\u00fcr\u00fcld\u00fc\u011f\u00fcn\u00fc belirten kaynak; te\u00e7hizat bak\u0131ndan da ter\u00f6ristlerin a\u011f\u0131r kay\u0131plara u\u011frat\u0131ld\u0131klar\u0131n\u0131 s\u00f6yledi.<\/p>\n<p>Ordu birliklerimizin Halep&#8217;in g\u00fcney k\u0131rsal\u0131nda Hanaser K\u00f6y\u00fc ile \u0130dlib k\u0131rsal\u0131n\u0131n kuzeydo\u011fusu Ebu el Zuhur Beldesini birbirine ba\u011flayan yol paralelinde ter\u00f6r \u00f6rg\u00fctlerin ara\u00e7lar\u0131 ve bir k\u0131s\u0131m toplanma merkezlerine y\u00f6nelik ba\u015far\u0131l\u0131 operasyonlar d\u00fczenlediklerine dikkat \u00e7eken kaynak; burada da \u00e7ok say\u0131da ter\u00f6ristin ekipmanlar\u0131 ve a\u011f\u0131r silahlarla donat\u0131lm\u0131\u015f ara\u00e7lar\u0131yla birlikte imha edildiklerini aktard\u0131.<\/p>\n<p>Neyreb Havaalan\u0131n\u0131n bat\u0131s\u0131nda ise ordu birliklerimizin darbeleri sonucunda \u00e7ok say\u0131da ter\u00f6ristin \u00f6l\u00fc ve yaral\u0131 d\u00fc\u015f\u00fcr\u00fcld\u00fckleri, bir k\u0131s\u0131m \u00a0ara\u00e7lar\u0131n\u0131n da imha edildi\u011fi bildirildi.<\/p>\n<p>T\u00fcrkiye topraklar\u0131ndan ter\u00f6rist ve cephane giri\u015fiyle temel destek ve ikmal yolu say\u0131lan kuzey k\u0131rsalda ise askeri kaynak,\u00a0ordu birliklerimizin Cebel Simon B\u00f6lgesinin Kefarsa\u011fir Beldesi ve Duveyr el Zeytun K\u00f6y\u00fcnde ter\u00f6ristlerin k\u00fcmelenme yerleri ve ara\u00e7lar\u0131n\u0131 imha ettiklerini aktard\u0131.<\/p>\n<p>Kaynak, Halep\u2019in yakla\u015f\u0131k 10 km bat\u0131s\u0131ndaki el Mansura K\u00f6y\u00fcnde Nusra Cephesi ve di\u011fer ter\u00f6r \u00f6rg\u00fctlerinden \u00e7ok say\u0131da ter\u00f6risti \u00f6l\u00fc ve yaral\u0131 d\u00fc\u015f\u00fcrd\u00fcklerini, a\u011f\u0131r silahlarla donan\u0131ml\u0131 bir\u00e7ok ara\u00e7lar\u0131n\u0131 da imha ettiklerini ifade etti.<\/p>\n<p>Halep Kentinin Beni Zeyd, el Sahur, Hanano, Kerm Cebel, Salahuddin, Leyremun ve Bab el Neyreb b\u00f6lgelerinde ise ordu birliklerimiz Kaide \u00d6rg\u00fct\u00fcn\u00fcn Suriye kolu olan Nusra Cephesi \u015femsiyesi alt\u0131nda faaliyet g\u00f6steren tekfiri ter\u00f6r \u00f6rg\u00fctlere y\u00f6nelik ba\u015far\u0131l\u0131 operasyonlar\u0131n devam etti\u011fine dikkat \u00e7ekerken; aralar\u0131nda yabanc\u0131 ve saha komutanlar\u0131n\u0131n bulundu\u011fu \u00e7ok say\u0131da ter\u00f6ristin cephaneleriyle birlikte etkisizle\u015ftirildiklerini aktard\u0131.<\/p>\n<p><span style=\"color: #0000ff\">Kunaytra K\u0131rsal\u0131nda Nusra Cephesi S\u0131ralar\u0131nda \u00d6l\u00fc ve Yaral\u0131lar\u0131n Say\u0131s\u0131 Art\u0131yor<\/span><\/p>\n<p>Ordu birliklerimiz Kunaytra k\u0131rsal\u0131nda \u0130srail&#8217;in destek ve komutas\u0131yla faaliyet g\u00f6steren Nusra Cephesi ve m\u00fcttefikleri di\u011fer ter\u00f6r \u00f6rg\u00fctlere y\u00f6nelik \u00a0operasyonlar\u0131n\u0131 s\u00fcrd\u00fcr\u00fcyor.<\/p>\n<p>Askeri kaynak Kunaytra k\u0131rsal\u0131n\u0131n do\u011fusu Resm el Havalid K\u00f6y\u00fcnde tekfiri ter\u00f6r \u00f6rg\u00fctlerin karargah ve toplanma yerlerine y\u00f6nelik operasyonlarda \u00e7ok say\u0131da ter\u00f6ristin \u00f6ld\u00fcr\u00fcld\u00fc\u011f\u00fcn\u00fc aktard\u0131.<\/p>\n<p>Kaynak Kunaytra k\u0131rsal\u0131n\u0131n bat\u0131s\u0131 Hamidiye K\u00f6y\u00fcnde de toplanma merkezleri ve ara\u00e7lar\u0131n\u0131n muhtevalar\u0131yla imha edildi\u011fini s\u00f6zlerine ekledi.<\/p>\n<p>\u00d6te yandan radikal ter\u00f6r \u00f6rg\u00fctleri sosyal medya ara\u00e7lar\u0131nda s\u00f6zde &#8216;Fecr el Tevhid Grubunun Kerame Alay\u0131n\u0131n askeri komutan\u0131&#8217; olarak bilinen &#8216;Ebu Sahir&#8217; kod adl\u0131 Ali el Kubbaani\u2019nin \u00f6ld\u00fc\u011f\u00fcn\u00fc itiraf etti.<\/p>\n<p><span style=\"color: #0000ff\">Hama K\u0131rsal\u0131nda Ara\u00e7 Konvoylar\u0131 \u0130mha Edildi<\/span><\/p>\n<p>Hava g\u00fc\u00e7lerimiz Hama k\u0131rsal\u0131n\u0131n Kleydin el Ankavi ekseninde ter\u00f6ristlerin ara\u00e7 konvoyunu hedef alarak ter\u00f6rist ve cephane ta\u015f\u0131yan 6 arac\u0131 tamamen imha etti.<\/p>\n<p>Hama k\u0131rsal\u0131n\u0131n kuzeybat\u0131s\u0131nda ise ordu birliklerimiz Mansura ve Kahire beldelerinde \u00e7embere ald\u0131\u011f\u0131 Nusra Cephesi ve \u2018Ahrar el \u015eam \u0130slami Hareketi\u2019nden ter\u00f6r gruplar\u0131n\u0131n t\u00fcm \u00fcyelerini ekipmanlar\u0131yla birlikte etkisiz olarak ele ge\u00e7irdi.<\/p>\n<p>Hava g\u00fc\u00e7lerimiz Hama k\u0131rsal\u0131n\u0131n kuzeybat\u0131s\u0131 Hamidiye, Kaston, Hva\u015f ve Huvayce b\u00f6lgelerinde radikal \u00f6rg\u00fctlerin toplanma yerlerini hedef alarak bir\u00e7ok arac\u0131 muhtevalar\u0131yla birlikte imha etti.<\/p>\n<p>Bu arada ter\u00f6r \u00e7eteleri medya ara\u00e7lar\u0131nda \u2018Ahrar el \u015eam \u0130slami Hareketi\u2019nin s\u00f6zde askeri komutanlar\u0131ndan \u2018Ebu \u00d6mer el Selefi\u2019 kod adl\u0131 tekfircinin \u00f6ld\u00fcr\u00fcld\u00fc\u011f\u00fcn\u00fc itiraf etti.<\/p>\n<p><span style=\"color: #0000ff\">Homs K\u0131rsal\u0131nda I\u015e\u0130D ve Nusra Cephesin Karargah ve Mevkileri Hedef Al\u0131nd\u0131<\/span><\/p>\n<p>Askeri kaynak; ordu birliklerimizin Homs k\u0131rsal\u0131n\u0131n do\u011fusu Rakka il idari s\u0131n\u0131rlar\u0131na yak\u0131n Rahum K\u00f6y\u00fcnde I\u015e\u0130D\u2019in siper ve karargahlar\u0131n\u0131 hedef almalar\u0131yla \u00e7ok say\u0131da ter\u00f6risti \u00f6l\u00fc ve yaral\u0131 d\u00fc\u015f\u00fcrd\u00fcklerini s\u00f6yledi.<\/p>\n<p>Ordu birliklerimizin Homs k\u0131rsal\u0131 do\u011fu Medarece K\u00f6y\u00fc, G\u00fcneyi M\u015feyrfe civar\u0131ndaki ormanl\u0131k alanlar ve Mesada K\u00f6y\u00fcn\u00fcn \u00e7evresinde ter\u00f6ristlerin toplanma yerlerini hedef ald\u0131klar\u0131n\u0131 aktaran kaynak; bu operasyonlara e\u015f zamanl\u0131 olarak Um el Ri\u015f Tepesinde a\u011f\u0131r makineli silahla donat\u0131lm\u0131\u015f z\u0131rhl\u0131 bir arac\u0131 muhtevalar\u0131yla imha ettiklerini s\u00f6zlerine ekledi.<\/p>\n<p>Ordu birliklerimiz Homs k\u0131rsal\u0131n\u0131n g\u00fcneybat\u0131s\u0131 L\u00fcbnan s\u0131n\u0131rlar\u0131na yak\u0131n Hasya B\u00f6lgesine d\u00fc\u015fen \u015emeys el Hayyat K\u00f6y\u00fcnde ise ter\u00f6ristlerin toplanma yerleri ve mevkilerine kar\u015f\u0131 nitelikli operasyonlar\u0131n\u0131 s\u00fcrd\u00fcr\u00fcp Nusra Cephesine tabi \u00e7ok say\u0131da ter\u00f6risti \u00f6l\u00fc ve yaral\u0131 d\u00fc\u015f\u00fcrd\u00fc.<\/p>\n<p><span style=\"color: #0000ff\">Dera K\u0131rsal\u0131nda Ter\u00f6ristler A\u011f\u0131r Kay\u0131plara U\u011frat\u0131ld\u0131<\/span><\/p>\n<p>Askeri kaynak; ordu birliklerimizin Dera k\u0131rsal\u0131n\u0131n kuzeydo\u011fusu Busr el Harir ve Hrak b\u00f6lgelerinde Nusra Cephesine ait toplanma yerleri ve mevkilerini hedef alarak y\u00fcksek say\u0131da ter\u00f6risti \u00f6l\u00fc ve yaral\u0131 d\u00fc\u015f\u00fcrd\u00fcklerini belirtti.<\/p>\n<p>Kaynak; Dera k\u0131rsal\u0131n\u0131n Neva Kasabas\u0131n\u0131n yan\u0131 s\u0131ra Lucat B\u00f6lgesine d\u00fc\u015fen el Baeyyat K\u00f6y\u00fcnde ise ter\u00f6ristlerin yuva ve k\u00fcmelenme yerlerini hedef alan ordu birliklerimizin onlarca ter\u00f6risti \u00f6l\u00fc ve yaral\u0131 d\u00fc\u015f\u00fcrd\u00fcklerini s\u00f6yledi.<\/p>\n<p>Bu arada ordu birliklerimiz Dera k\u0131rsal\u0131 \u00dcrd\u00fcn s\u0131n\u0131rlar\u0131na yak\u0131n Yaduda ve Mzeyrib beldelerinde \u00e7ok say\u0131da ter\u00f6risti \u00f6l\u00fc ve yaral\u0131 d\u00fc\u015f\u00fcrd\u00fc.<\/p>\n<p>A.A. &#8211; S.\u015e. &#8211; M.M. &#8211; R.H.<\/p>\n","protected":false},"excerpt":{"rendered":"<p>\u0130LLER \u2013 Ordu birliklerimiz ihvanc\u0131 Erdo\u011fan rejimi, Al Suud Rejimi ve i\u015fgalci \u0130srail destekli radikal ve kiral\u0131k ter\u00f6ristlere y\u00f6nelik ba\u015far\u0131l\u0131 operasyonlar\u0131n\u0131 s\u00fcrd\u00fcr\u00fcrken; bir\u00e7o\u011fu yabanc\u0131 olan olduk\u00e7a y\u00fcksek say\u0131da ter\u00f6risti ara\u00e7lar\u0131 ve cephaneleriyle birlikte etkisizle\u015ftirdi. \u015eam K\u0131rsal\u0131nda Aralar\u0131nda Eleba\u015flar\u0131n Bulundu\u011fu \u00c7ok Say\u0131da Ter\u00f6rist \u00d6ld\u00fcr\u00fcld\u00fc Askeri kaynak; \u015eam k\u0131rsal\u0131 Cisrin Beldesinde \u2018Ahrar el \u015eam \u0130slami Hareketi\u2019ne ait &hellip;<\/p>\n","protected":false},"author":1,"featured_media":31028,"comment_status":"closed","ping_status":"closed","sticky":false,"template":"","format":"standard","meta":{"footnotes":""},"categories":[575],"tags":[14050,13686,14051,14048,14049,4485],"class_list":["post-30971","post","type-post","status-publish","format-standard","has-post-thumbnail","","category-olaylar-ve-gercekler","tag-al-suud-rejimi-ve-isgalci-israil-gucleri-destekli-kiralik-teroristlere-yonelik-basarili-operasyonlarini-surdururken","tag-cephane-ve-techizat-bakimindan-agir-kayiplari-da-devam-ediyor","tag-cisr-el-sugur-cevresinde-teroristlerin-agir-kayiplari-artiyor","tag-cisr-el-sugur-cevresinde-teroristlerin-agir-kayiplari-artiyor-iller-ordu-ve-silahli-kuvvetlerimize-tabi-ordu-birliklerimizin","tag-ihvanci-erdogan-rejimi","tag-teroristlerin-sayi"],"_links":{"self":[{"href":"https:\/\/archive.sana.sy\/tr\/index.php?rest_route=\/wp\/v2\/posts\/30971","targetHints":{"allow":["GET"]}}],"collection":[{"href":"https:\/\/archive.sana.sy\/tr\/index.php?rest_route=\/wp\/v2\/posts"}],"about":[{"href":"https:\/\/archive.sana.sy\/tr\/index.php?rest_route=\/wp\/v2\/types\/post"}],"author":[{"embeddable":true,"href":"https:\/\/archive.sana.sy\/tr\/index.php?rest_route=\/wp\/v2\/users\/1"}],"replies":[{"embeddable":true,"href":"https:\/\/archive.sana.sy\/tr\/index.php?rest_route=%2Fwp%2Fv2%2Fcomments&post=30971"}],"version-history":[{"count":0,"href":"https:\/\/archive.sana.sy\/tr\/index.php?rest_route=\/wp\/v2\/posts\/30971\/revisions"}],"wp:featuredmedia":[{"embeddable":true,"href":"https:\/\/archive.sana.sy\/tr\/index.php?rest_route=\/wp\/v2\/media\/31028"}],"wp:attachment":[{"href":"https:\/\/archive.sana.sy\/tr\/index.php?rest_route=%2Fwp%2Fv2%2Fmedia&parent=30971"}],"wp:term":[{"taxonomy":"category","embeddable":true,"href":"https:\/\/archive.sana.sy\/tr\/index.php?rest_route=%2Fwp%2Fv2%2Fcategories&post=30971"},{"taxonomy":"post_tag","embeddable":true,"href":"https:\/\/archive.sana.sy\/tr\/index.php?rest_route=%2Fwp%2Fv2%2Ftags&post=30971"}],"curies":[{"name":"wp","href":"https:\/\/api.w.org\/{rel}","templated":true}]}}