{"id":309713,"date":"2024-10-06T18:22:33","date_gmt":"2024-10-06T15:22:33","guid":{"rendered":"https:\/\/sana.sy\/tr\/?p=309713"},"modified":"2024-10-06T18:23:13","modified_gmt":"2024-10-06T15:23:13","slug":"sabbag-ve-baeli-mevkidasi-telefonda-iki-ulke-arasindaki-ikili-iliskileri-ve-bolgedeki-durumu-gorustu","status":"publish","type":"post","link":"https:\/\/archive.sana.sy\/tr\/?p=309713","title":{"rendered":"Sabba\u011f Ve BAE\u2019li Mevkida\u015f\u0131 Telefonda \u0130ki \u00dclke Aras\u0131ndaki \u0130kili \u0130li\u015fkileri Ve B\u00f6lgedeki Durumu G\u00f6r\u00fc\u015ft\u00fc"},"content":{"rendered":"<p style=\"text-align: justify;\"><strong>\u015eAM (SANA)<\/strong> &#8211; D\u0131\u015fi\u015fleri ve Gurbe\u00e7iler Bakan\u0131 Bessam Sabba\u011f, bug\u00fcn yapt\u0131\u011f\u0131 telefon g\u00f6r\u00fc\u015fmesinde BAE Ba\u015fbakan Yard\u0131mc\u0131s\u0131 D\u0131\u015fi\u015fleri Bakan\u0131 Abdullah bin Zayid Al Nahyan ile iki karde\u015f \u00fclke aras\u0131ndaki karde\u015flik ili\u015fkilerini ve bunlar\u0131 iki \u00fclkenin ortak \u00e7\u0131karlar\u0131na hizmet edecek \u015fekilde g\u00fc\u00e7lendirmenin yollar\u0131n\u0131 g\u00f6r\u00fc\u015ft\u00fc.<\/p>\n<p style=\"text-align: justify;\">G\u00f6r\u00fc\u015fmede, iki taraf aras\u0131nda b\u00f6lgesel durum, \u00f6zellikle L\u00fcbnan ba\u015fta olmak \u00fczere b\u00f6lgedeki geli\u015fmeler ve b\u00fcy\u00fck yerinden edilme hareketi \u0131\u015f\u0131\u011f\u0131nda insani yard\u0131m \u00e7al\u0131\u015fmalar\u0131na destek \u00e7abalar\u0131 konusunda isti\u015farelerde bulunuldu.<\/p>\n<p style=\"text-align: center;\"><strong><a href=\"https:\/\/t.me\/SuriyeArapHaberAjansI\">Telegram Kanal\u0131m\u0131z\u00a0<\/a>||<a href=\"https:\/\/twitter.com\/arap_ajans\">X Platformumuz\u00a0<\/a>||<a href=\"https:\/\/www.facebook.com\/SANAHaberAjansi\/\">Facebook Sayfam\u0131z<\/a><\/strong><\/p>\n","protected":false},"excerpt":{"rendered":"<p>\u015eAM (SANA) &#8211; D\u0131\u015fi\u015fleri ve Gurbe\u00e7iler Bakan\u0131 Bessam Sabba\u011f, bug\u00fcn yapt\u0131\u011f\u0131 telefon g\u00f6r\u00fc\u015fmesinde BAE Ba\u015fbakan Yard\u0131mc\u0131s\u0131 D\u0131\u015fi\u015fleri Bakan\u0131 Abdullah bin Zayid Al Nahyan ile iki karde\u015f \u00fclke aras\u0131ndaki karde\u015flik ili\u015fkilerini ve bunlar\u0131 iki \u00fclkenin ortak \u00e7\u0131karlar\u0131na hizmet edecek \u015fekilde g\u00fc\u00e7lendirmenin yollar\u0131n\u0131 g\u00f6r\u00fc\u015ft\u00fc. G\u00f6r\u00fc\u015fmede, iki taraf aras\u0131nda b\u00f6lgesel durum, \u00f6zellikle L\u00fcbnan ba\u015fta olmak \u00fczere b\u00f6lgedeki geli\u015fmeler &hellip;<\/p>\n","protected":false},"author":41,"featured_media":309714,"comment_status":"closed","ping_status":"closed","sticky":false,"template":"","format":"standard","meta":{"footnotes":""},"categories":[589,479,17988,478],"tags":[42597],"class_list":["post-309713","post","type-post","status-publish","format-standard","has-post-thumbnail","","category-haber-seridi","category-haberler-yerel","category-son-haberler","category-yerel","tag-sabbag-ve-baeli-mevkidasi-telefonda-iki-ulke-arasindaki-ikili-iliskileri-ve-bolgedeki-durumu-gorustu"],"_links":{"self":[{"href":"https:\/\/archive.sana.sy\/tr\/index.php?rest_route=\/wp\/v2\/posts\/309713","targetHints":{"allow":["GET"]}}],"collection":[{"href":"https:\/\/archive.sana.sy\/tr\/index.php?rest_route=\/wp\/v2\/posts"}],"about":[{"href":"https:\/\/archive.sana.sy\/tr\/index.php?rest_route=\/wp\/v2\/types\/post"}],"author":[{"embeddable":true,"href":"https:\/\/archive.sana.sy\/tr\/index.php?rest_route=\/wp\/v2\/users\/41"}],"replies":[{"embeddable":true,"href":"https:\/\/archive.sana.sy\/tr\/index.php?rest_route=%2Fwp%2Fv2%2Fcomments&post=309713"}],"version-history":[{"count":1,"href":"https:\/\/archive.sana.sy\/tr\/index.php?rest_route=\/wp\/v2\/posts\/309713\/revisions"}],"predecessor-version":[{"id":309715,"href":"https:\/\/archive.sana.sy\/tr\/index.php?rest_route=\/wp\/v2\/posts\/309713\/revisions\/309715"}],"wp:featuredmedia":[{"embeddable":true,"href":"https:\/\/archive.sana.sy\/tr\/index.php?rest_route=\/wp\/v2\/media\/309714"}],"wp:attachment":[{"href":"https:\/\/archive.sana.sy\/tr\/index.php?rest_route=%2Fwp%2Fv2%2Fmedia&parent=309713"}],"wp:term":[{"taxonomy":"category","embeddable":true,"href":"https:\/\/archive.sana.sy\/tr\/index.php?rest_route=%2Fwp%2Fv2%2Fcategories&post=309713"},{"taxonomy":"post_tag","embeddable":true,"href":"https:\/\/archive.sana.sy\/tr\/index.php?rest_route=%2Fwp%2Fv2%2Ftags&post=309713"}],"curies":[{"name":"wp","href":"https:\/\/api.w.org\/{rel}","templated":true}]}}