{"id":309719,"date":"2024-10-07T08:10:43","date_gmt":"2024-10-07T05:10:43","guid":{"rendered":"https:\/\/sana.sy\/tr\/?p=309719"},"modified":"2024-10-07T08:10:43","modified_gmt":"2024-10-07T05:10:43","slug":"orta-bolgedeki-cesitli-noktalari-hedef-alan-israil-saldirganligi-sonucu-maddi-hasarlar","status":"publish","type":"post","link":"https:\/\/archive.sana.sy\/tr\/?p=309719","title":{"rendered":"Orta B\u00f6lgedeki \u00c7e\u015fitli Noktalar\u0131 Hedef Alan \u0130srail Sald\u0131rganl\u0131\u011f\u0131 Sonucu Maddi Hasarlar"},"content":{"rendered":"<p style=\"text-align: justify;\"><strong>\u015eAM (SANA)<\/strong> &#8211;\u00a0 \u0130srail&#8217;in orta b\u00f6lgedeki bir\u00e7ok yeri hedef alan sald\u0131rganl\u0131\u011f\u0131 sonucunda maddi hasarlar meydana geldi.<\/p>\n<p style=\"text-align: justify;\">Askeri bir kaynak SANA&#8217;ya yapt\u0131\u011f\u0131 a\u00e7\u0131klamada, Bu ak\u015fam yakla\u015f\u0131k saat sekiz be\u015f ge\u00e7iyor civar\u0131nda, d\u00fc\u015fman \u0130srail kuzey L\u00fcbnan y\u00f6n\u00fcnden, orta b\u00f6lgedeki bir dizi askeri mevziyi hedef alan bir hava sald\u0131rganl\u0131\u011f\u0131 d\u00fczenledi&#8221; dedi.<\/p>\n<p style=\"text-align: justify;\">Kaynak ayr\u0131ca \u015funlar\u0131 ekledi: &#8221;Sald\u0131rganl\u0131k maddi kay\u0131plara yol a\u00e7t\u0131.&#8221;<\/p>\n<p style=\"text-align: center;\"><strong><a href=\"https:\/\/t.me\/SuriyeArapHaberAjansI\">Telegram Kanal\u0131m\u0131z\u00a0<\/a>||<a href=\"https:\/\/twitter.com\/arap_ajans\">X Platformumuz\u00a0<\/a>||<a href=\"https:\/\/www.facebook.com\/SANAHaberAjansi\/\">Facebook Sayfam\u0131z<\/a><\/strong><\/p>\n","protected":false},"excerpt":{"rendered":"<p>\u015eAM (SANA) &#8211;\u00a0 \u0130srail&#8217;in orta b\u00f6lgedeki bir\u00e7ok yeri hedef alan sald\u0131rganl\u0131\u011f\u0131 sonucunda maddi hasarlar meydana geldi. Askeri bir kaynak SANA&#8217;ya yapt\u0131\u011f\u0131 a\u00e7\u0131klamada, Bu ak\u015fam yakla\u015f\u0131k saat sekiz be\u015f ge\u00e7iyor civar\u0131nda, d\u00fc\u015fman \u0130srail kuzey L\u00fcbnan y\u00f6n\u00fcnden, orta b\u00f6lgedeki bir dizi askeri mevziyi hedef alan bir hava sald\u0131rganl\u0131\u011f\u0131 d\u00fczenledi&#8221; dedi. Kaynak ayr\u0131ca \u015funlar\u0131 ekledi: &#8221;Sald\u0131rganl\u0131k maddi kay\u0131plara &hellip;<\/p>\n","protected":false},"author":39,"featured_media":309720,"comment_status":"closed","ping_status":"closed","sticky":false,"template":"","format":"standard","meta":{"footnotes":""},"categories":[589,479,575,17988,478],"tags":[],"class_list":["post-309719","post","type-post","status-publish","format-standard","has-post-thumbnail","","category-haber-seridi","category-haberler-yerel","category-olaylar-ve-gercekler","category-son-haberler","category-yerel"],"_links":{"self":[{"href":"https:\/\/archive.sana.sy\/tr\/index.php?rest_route=\/wp\/v2\/posts\/309719","targetHints":{"allow":["GET"]}}],"collection":[{"href":"https:\/\/archive.sana.sy\/tr\/index.php?rest_route=\/wp\/v2\/posts"}],"about":[{"href":"https:\/\/archive.sana.sy\/tr\/index.php?rest_route=\/wp\/v2\/types\/post"}],"author":[{"embeddable":true,"href":"https:\/\/archive.sana.sy\/tr\/index.php?rest_route=\/wp\/v2\/users\/39"}],"replies":[{"embeddable":true,"href":"https:\/\/archive.sana.sy\/tr\/index.php?rest_route=%2Fwp%2Fv2%2Fcomments&post=309719"}],"version-history":[{"count":1,"href":"https:\/\/archive.sana.sy\/tr\/index.php?rest_route=\/wp\/v2\/posts\/309719\/revisions"}],"predecessor-version":[{"id":309721,"href":"https:\/\/archive.sana.sy\/tr\/index.php?rest_route=\/wp\/v2\/posts\/309719\/revisions\/309721"}],"wp:featuredmedia":[{"embeddable":true,"href":"https:\/\/archive.sana.sy\/tr\/index.php?rest_route=\/wp\/v2\/media\/309720"}],"wp:attachment":[{"href":"https:\/\/archive.sana.sy\/tr\/index.php?rest_route=%2Fwp%2Fv2%2Fmedia&parent=309719"}],"wp:term":[{"taxonomy":"category","embeddable":true,"href":"https:\/\/archive.sana.sy\/tr\/index.php?rest_route=%2Fwp%2Fv2%2Fcategories&post=309719"},{"taxonomy":"post_tag","embeddable":true,"href":"https:\/\/archive.sana.sy\/tr\/index.php?rest_route=%2Fwp%2Fv2%2Ftags&post=309719"}],"curies":[{"name":"wp","href":"https:\/\/api.w.org\/{rel}","templated":true}]}}