{"id":309722,"date":"2024-10-07T11:13:34","date_gmt":"2024-10-07T08:13:34","guid":{"rendered":"https:\/\/sana.sy\/tr\/?p=309722"},"modified":"2024-10-07T15:01:23","modified_gmt":"2024-10-07T12:01:23","slug":"lubnan-direnisi-dusman-israilin-karmeyil-yerlesimi-ve-nimra-ussunu-hedef-aldi","status":"publish","type":"post","link":"https:\/\/archive.sana.sy\/tr\/?p=309722","title":{"rendered":"L\u00fcbnan Direni\u015fi, D\u00fc\u015fman \u0130srail\u2019in Karmeyil Yerle\u015fimi Ve Nimra \u00dcss\u00fcn\u00fc Hedef Ald\u0131"},"content":{"rendered":"<p style=\"text-align: justify;\"><strong>BEYRUT (SANA)<\/strong> \u2013 L\u00fcbnan direni\u015fi bu sabah d\u00fc\u015fman \u0130srail\u2019in Nimra \u00fcss\u00fcn\u00fc ve Karmeyil yerle\u015fimini f\u00fczeleriyle hedef ald\u0131<\/p>\n<p style=\"text-align: justify;\">Direni\u015f, yapt\u0131\u011f\u0131 a\u00e7\u0131klamada, \u201cGazze\u2019deki kararl\u0131 filistinli halk\u0131m\u0131za ve onlar\u0131n onurlu ve cesur direni\u015fine destek , L\u00fcbnan\u2019\u0131 ve halk\u0131n\u0131 savunma, \u0130srail\u2019in, sivillerie ve k\u00f6ylerie ve kentlerie barbarca sald\u0131rganl\u0131\u011f\u0131na yan\u0131t olarak, sava\u015f\u00e7\u0131lar\u0131m\u0131z nimra \u00fcss\u00fc Taberye\u2019nin bat\u0131s\u0131ndaki Kuzey b\u00f6lgesinin ana \u00fcslerinden biri olan f\u00fczelerle bombalad\u0131\u201d dedi.<\/p>\n<p style=\"text-align: justify;\">L\u00fcbnan direni\u015f ayr\u0131 a\u00e7\u0131klamas\u0131nda \u015fu ifadelere yer verildi: \u201c\u0130\u015fgal edilen Filistin\u2019in kuzeyindeki Kermeyil yerle\u015fimini de f\u00fczeleriyle hedef ald\u0131.\u201d<\/p>\n<p style=\"text-align: justify;\">D\u00fc\u015fman \u0130srail bu sabah da, L\u00fcbnan\u2019\u0131n \u00e7e\u015fitli b\u00f6lgelerine y\u00f6nelik sald\u0131rganl\u0131klar\u0131n\u0131 s\u00fcrd\u00fcrd\u00fc.\u00a0 D\u00fc\u015fman sava\u015f u\u00e7aklar\u0131, Bidyas ve Halusiye kasabalar\u0131n\u0131n eteklerine, L\u00fcbnan\u2019\u0131n g\u00fcneyindeki El Matariye, El \u015earkiye kasabas\u0131na hava sald\u0131r\u0131s\u0131 d\u00fczenledi.<\/p>\n<p style=\"text-align: justify;\">D\u00fc\u015fman \u0130srail u\u00e7aklar\u0131 ayr\u0131ca, Beyrut\u2019un g\u00fcney banliy\u00f6s\u00fcndeki El Hadas b\u00f6lgesini \u015fiddetli bir hava sald\u0131r\u0131s\u0131yla hedef alarak, L\u00fcbnan\u2019\u0131n kuzeydo\u011fusundaki Balbak b\u00f6lgesinde Katirnaba kasabas\u0131n\u0131n eteklerini bombalad\u0131.<\/p>\n<p style=\"text-align: center;\"><strong><a href=\"https:\/\/t.me\/SuriyeArapHaberAjansI\">Telegram Kanal\u0131m\u0131z\u00a0<\/a>||<a href=\"https:\/\/twitter.com\/arap_ajans\">X Platformumuz\u00a0<\/a>||<a href=\"https:\/\/www.facebook.com\/SANAHaberAjansi\/\">Facebook Sayfam\u0131z<\/a><\/strong><\/p>\n","protected":false},"excerpt":{"rendered":"<p>BEYRUT (SANA) \u2013 L\u00fcbnan direni\u015fi bu sabah d\u00fc\u015fman \u0130srail\u2019in Nimra \u00fcss\u00fcn\u00fc ve Karmeyil yerle\u015fimini f\u00fczeleriyle hedef ald\u0131 Direni\u015f, yapt\u0131\u011f\u0131 a\u00e7\u0131klamada, \u201cGazze\u2019deki kararl\u0131 filistinli halk\u0131m\u0131za ve onlar\u0131n onurlu ve cesur direni\u015fine destek , L\u00fcbnan\u2019\u0131 ve halk\u0131n\u0131 savunma, \u0130srail\u2019in, sivillerie ve k\u00f6ylerie ve kentlerie barbarca sald\u0131rganl\u0131\u011f\u0131na yan\u0131t olarak, sava\u015f\u00e7\u0131lar\u0131m\u0131z nimra \u00fcss\u00fc Taberye\u2019nin bat\u0131s\u0131ndaki Kuzey b\u00f6lgesinin ana \u00fcslerinden &hellip;<\/p>\n","protected":false},"author":39,"featured_media":309723,"comment_status":"closed","ping_status":"closed","sticky":false,"template":"","format":"standard","meta":{"footnotes":""},"categories":[458,589,459,17988],"tags":[],"class_list":["post-309722","post","type-post","status-publish","format-standard","has-post-thumbnail","","category-dunya1","category-haber-seridi","category-haberler-arap-uluslararasi-politika","category-son-haberler"],"_links":{"self":[{"href":"https:\/\/archive.sana.sy\/tr\/index.php?rest_route=\/wp\/v2\/posts\/309722","targetHints":{"allow":["GET"]}}],"collection":[{"href":"https:\/\/archive.sana.sy\/tr\/index.php?rest_route=\/wp\/v2\/posts"}],"about":[{"href":"https:\/\/archive.sana.sy\/tr\/index.php?rest_route=\/wp\/v2\/types\/post"}],"author":[{"embeddable":true,"href":"https:\/\/archive.sana.sy\/tr\/index.php?rest_route=\/wp\/v2\/users\/39"}],"replies":[{"embeddable":true,"href":"https:\/\/archive.sana.sy\/tr\/index.php?rest_route=%2Fwp%2Fv2%2Fcomments&post=309722"}],"version-history":[{"count":2,"href":"https:\/\/archive.sana.sy\/tr\/index.php?rest_route=\/wp\/v2\/posts\/309722\/revisions"}],"predecessor-version":[{"id":309739,"href":"https:\/\/archive.sana.sy\/tr\/index.php?rest_route=\/wp\/v2\/posts\/309722\/revisions\/309739"}],"wp:featuredmedia":[{"embeddable":true,"href":"https:\/\/archive.sana.sy\/tr\/index.php?rest_route=\/wp\/v2\/media\/309723"}],"wp:attachment":[{"href":"https:\/\/archive.sana.sy\/tr\/index.php?rest_route=%2Fwp%2Fv2%2Fmedia&parent=309722"}],"wp:term":[{"taxonomy":"category","embeddable":true,"href":"https:\/\/archive.sana.sy\/tr\/index.php?rest_route=%2Fwp%2Fv2%2Fcategories&post=309722"},{"taxonomy":"post_tag","embeddable":true,"href":"https:\/\/archive.sana.sy\/tr\/index.php?rest_route=%2Fwp%2Fv2%2Ftags&post=309722"}],"curies":[{"name":"wp","href":"https:\/\/api.w.org\/{rel}","templated":true}]}}