{"id":30973,"date":"2015-04-26T11:45:27","date_gmt":"2015-04-26T08:45:27","guid":{"rendered":"http:\/\/www.sana.sy\/tr\/?p=30973"},"modified":"2015-04-26T11:45:27","modified_gmt":"2015-04-26T08:45:27","slug":"ecnihatul-sam-sam-kanatlari-havacilik-sirketi-bugun-kuveyte-ilk-hava-seferini-uluslararasi-sam-havalimanindan-baslatti","status":"publish","type":"post","link":"https:\/\/archive.sana.sy\/tr\/?p=30973","title":{"rendered":"Ecnihatul \u015eam \u201c\u015eam Kanatlar\u0131\u201d Havac\u0131l\u0131k \u015eirketi bug\u00fcn Kuveyt\u2019e ilk hava seferini Uluslararas\u0131 \u015eam Havaliman\u0131ndan ba\u015flatt\u0131."},"content":{"rendered":"<p>Ecnihatul \u015eam \u201c\u015eam Kanatlar\u0131\u201d Havac\u0131l\u0131k \u015eirketi bug\u00fcn Kuveyt\u2019e ilk hava seferini Uluslararas\u0131 \u015eam Havaliman\u0131ndan ba\u015flatt\u0131.<\/p>\n","protected":false},"excerpt":{"rendered":"<p>Ecnihatul \u015eam \u201c\u015eam Kanatlar\u0131\u201d Havac\u0131l\u0131k \u015eirketi bug\u00fcn Kuveyt\u2019e ilk hava seferini Uluslararas\u0131 \u015eam Havaliman\u0131ndan ba\u015flatt\u0131.<\/p>\n","protected":false},"author":1,"featured_media":0,"comment_status":"closed","ping_status":"closed","sticky":false,"template":"","format":"standard","meta":{"footnotes":""},"categories":[1],"tags":[14052],"class_list":["post-30973","post","type-post","status-publish","format-standard","","category-news-not-sorted","tag-ecnihatul-sam-sam-kanatlari-havacilik-sirketi-bugun-kuveyte-ilk-hava-seferini-uluslararasi-sam-havalimanindan-baslatti"],"_links":{"self":[{"href":"https:\/\/archive.sana.sy\/tr\/index.php?rest_route=\/wp\/v2\/posts\/30973","targetHints":{"allow":["GET"]}}],"collection":[{"href":"https:\/\/archive.sana.sy\/tr\/index.php?rest_route=\/wp\/v2\/posts"}],"about":[{"href":"https:\/\/archive.sana.sy\/tr\/index.php?rest_route=\/wp\/v2\/types\/post"}],"author":[{"embeddable":true,"href":"https:\/\/archive.sana.sy\/tr\/index.php?rest_route=\/wp\/v2\/users\/1"}],"replies":[{"embeddable":true,"href":"https:\/\/archive.sana.sy\/tr\/index.php?rest_route=%2Fwp%2Fv2%2Fcomments&post=30973"}],"version-history":[{"count":0,"href":"https:\/\/archive.sana.sy\/tr\/index.php?rest_route=\/wp\/v2\/posts\/30973\/revisions"}],"wp:attachment":[{"href":"https:\/\/archive.sana.sy\/tr\/index.php?rest_route=%2Fwp%2Fv2%2Fmedia&parent=30973"}],"wp:term":[{"taxonomy":"category","embeddable":true,"href":"https:\/\/archive.sana.sy\/tr\/index.php?rest_route=%2Fwp%2Fv2%2Fcategories&post=30973"},{"taxonomy":"post_tag","embeddable":true,"href":"https:\/\/archive.sana.sy\/tr\/index.php?rest_route=%2Fwp%2Fv2%2Ftags&post=30973"}],"curies":[{"name":"wp","href":"https:\/\/api.w.org\/{rel}","templated":true}]}}