{"id":309732,"date":"2024-10-07T14:08:35","date_gmt":"2024-10-07T11:08:35","guid":{"rendered":"https:\/\/sana.sy\/tr\/?p=309732"},"modified":"2024-10-07T14:13:36","modified_gmt":"2024-10-07T11:13:36","slug":"iranin-gonderdigi-insani-yardim-ucagi-israilin-saldirganligi-sonucu-lubnandan-gelmek-uzere-uluslararasi-lazkiye-havalimanina-geldi","status":"publish","type":"post","link":"https:\/\/archive.sana.sy\/tr\/?p=309732","title":{"rendered":"\u0130ran&#8217;a Ait Bir Yard\u0131m U\u00e7a\u011f\u0131, \u0130srail Sald\u0131rganl\u0131\u011f\u0131 Sonucu L\u00fcbnan&#8217;dan Gelenler \u0130\u00e7in Uluslararas\u0131 Lazkiye Havaliman\u0131&#8217;na Geldi"},"content":{"rendered":"<p style=\"text-align: justify;\"><strong>LAZK\u0130YE (SANA) \u2013<\/strong> \u0130ran&#8217;a ait bir yard\u0131m u\u00e7a\u011f\u0131, \u0130srail sald\u0131rganl\u0131klar\u0131 nedeniyle L\u00fcbnan&#8217;dan Suriye&#8217;ye gelen m\u00fcltecilere y\u00f6nelik insani yard\u0131mlarla birlikte bug\u00fcn Uluslararas\u0131 Lazkiye Havaliman\u0131&#8217;na ula\u015ft\u0131.<\/p>\n<p style=\"text-align: justify;\">U\u00e7akta, 5000 g\u0131da paketi ve 2000 hal\u0131, 3000 battaniye ve 500 \u00e7ad\u0131r gibi \u00e7e\u015fitli yard\u0131m malzemeleri yer ald\u0131. Bu yard\u0131mlar, evlerini terk etmek zorunda kalan L\u00fcbnanl\u0131 ailelerin baz\u0131 ihtiya\u00e7lar\u0131n\u0131 kar\u015f\u0131lamaya yard\u0131mc\u0131 olacak.<\/p>\n<p style=\"text-align: justify;\">Lazkiye Havaliman\u0131&#8217;ndaki yetkililer, Hmeymim \u00dcss\u00fc&#8217;ndeki Rusya&#8217;n\u0131n koordinasyon merkezi ile i\u015fbirli\u011fi i\u00e7inde yard\u0131m u\u00e7a\u011f\u0131n\u0131n y\u00fck\u00fcn\u00fc bo\u015faltma i\u015flemini denetledi.<\/p>\n<p style=\"text-align: center;\"><strong><a href=\"https:\/\/t.me\/SuriyeArapHaberAjansI\">Telegram Kanal\u0131m\u0131z\u00a0<\/a>||<a href=\"https:\/\/twitter.com\/arap_ajans\">X Platformumuz\u00a0<\/a>||<a href=\"https:\/\/www.facebook.com\/SANAHaberAjansi\/\">Facebook Sayfam\u0131z<\/a><\/strong><\/p>\n","protected":false},"excerpt":{"rendered":"<p>LAZK\u0130YE (SANA) \u2013 \u0130ran&#8217;a ait bir yard\u0131m u\u00e7a\u011f\u0131, \u0130srail sald\u0131rganl\u0131klar\u0131 nedeniyle L\u00fcbnan&#8217;dan Suriye&#8217;ye gelen m\u00fcltecilere y\u00f6nelik insani yard\u0131mlarla birlikte bug\u00fcn Uluslararas\u0131 Lazkiye Havaliman\u0131&#8217;na ula\u015ft\u0131. U\u00e7akta, 5000 g\u0131da paketi ve 2000 hal\u0131, 3000 battaniye ve 500 \u00e7ad\u0131r gibi \u00e7e\u015fitli yard\u0131m malzemeleri yer ald\u0131. Bu yard\u0131mlar, evlerini terk etmek zorunda kalan L\u00fcbnanl\u0131 ailelerin baz\u0131 ihtiya\u00e7lar\u0131n\u0131 kar\u015f\u0131lamaya yard\u0131mc\u0131 &hellip;<\/p>\n","protected":false},"author":39,"featured_media":309733,"comment_status":"closed","ping_status":"closed","sticky":false,"template":"","format":"standard","meta":{"footnotes":""},"categories":[589,479,17988,478],"tags":[],"class_list":["post-309732","post","type-post","status-publish","format-standard","has-post-thumbnail","","category-haber-seridi","category-haberler-yerel","category-son-haberler","category-yerel"],"_links":{"self":[{"href":"https:\/\/archive.sana.sy\/tr\/index.php?rest_route=\/wp\/v2\/posts\/309732","targetHints":{"allow":["GET"]}}],"collection":[{"href":"https:\/\/archive.sana.sy\/tr\/index.php?rest_route=\/wp\/v2\/posts"}],"about":[{"href":"https:\/\/archive.sana.sy\/tr\/index.php?rest_route=\/wp\/v2\/types\/post"}],"author":[{"embeddable":true,"href":"https:\/\/archive.sana.sy\/tr\/index.php?rest_route=\/wp\/v2\/users\/39"}],"replies":[{"embeddable":true,"href":"https:\/\/archive.sana.sy\/tr\/index.php?rest_route=%2Fwp%2Fv2%2Fcomments&post=309732"}],"version-history":[{"count":5,"href":"https:\/\/archive.sana.sy\/tr\/index.php?rest_route=\/wp\/v2\/posts\/309732\/revisions"}],"predecessor-version":[{"id":309738,"href":"https:\/\/archive.sana.sy\/tr\/index.php?rest_route=\/wp\/v2\/posts\/309732\/revisions\/309738"}],"wp:featuredmedia":[{"embeddable":true,"href":"https:\/\/archive.sana.sy\/tr\/index.php?rest_route=\/wp\/v2\/media\/309733"}],"wp:attachment":[{"href":"https:\/\/archive.sana.sy\/tr\/index.php?rest_route=%2Fwp%2Fv2%2Fmedia&parent=309732"}],"wp:term":[{"taxonomy":"category","embeddable":true,"href":"https:\/\/archive.sana.sy\/tr\/index.php?rest_route=%2Fwp%2Fv2%2Fcategories&post=309732"},{"taxonomy":"post_tag","embeddable":true,"href":"https:\/\/archive.sana.sy\/tr\/index.php?rest_route=%2Fwp%2Fv2%2Ftags&post=309732"}],"curies":[{"name":"wp","href":"https:\/\/api.w.org\/{rel}","templated":true}]}}