{"id":309740,"date":"2024-10-07T15:14:32","date_gmt":"2024-10-07T12:14:32","guid":{"rendered":"https:\/\/sana.sy\/tr\/?p=309740"},"modified":"2024-10-07T16:44:51","modified_gmt":"2024-10-07T13:44:51","slug":"el-celali-lubnandan-gelenler-icin-yardim-malzemelerini-temin-temek-icin-el-huceymi-ile-koordinasyon-mekanizmalarini-gorustu","status":"publish","type":"post","link":"https:\/\/archive.sana.sy\/tr\/?p=309740","title":{"rendered":"El Celali, L\u00fcbnan&#8217;dan Gelenler \u0130\u00e7in Yard\u0131m Malzemelerini Temin Temek \u0130\u00e7in El Huceymi \u0130le Koordinasyon Mekanizmalar\u0131n\u0131 G\u00f6r\u00fc\u015ft\u00fc"},"content":{"rendered":"<p style=\"text-align: justify;\"><strong>\u015eAM (SANA)<\/strong> &#8211; \u00a0Bug\u00fcn Ba\u015fbakan, Irak&#8217;\u0131n \u015eam B\u00fcy\u00fckel\u00e7ili\u011fi Maslahatg\u00fczar\u0131 Yasin \u015eerif El Cuheymi ile L\u00fcbnan&#8217;dan Suriye&#8217;ye gelen karde\u015flerin temel malzeme ve yard\u0131m, g\u0131da ve t\u0131bbi ihtiya\u00e7lar\u0131n\u0131n kar\u015f\u0131lanmas\u0131na y\u00f6nelik iki \u00fclke aras\u0131ndaki koordinasyon mekanizmalar\u0131n\u0131 g\u00f6r\u00fc\u015ft\u00fc.<\/p>\n<p style=\"text-align: justify;\"><img loading=\"lazy\" decoding=\"async\" class=\"size-full wp-image-309748 alignright\" src=\"http:\/\/sana.sy\/tr\/wp-content\/uploads\/2024\/10\/photo_2024-10-07_14-10-20-300x228-1.jpg\" alt=\"\" width=\"300\" height=\"228\" \/>El Celali, Suriye h\u00fck\u00fcmetinin, Cumhurba\u015fkan\u0131 Be\u015f\u015far Esad&#8217;\u0131n direktifleri do\u011frultusunda, s\u00fcrg\u00fcndeki L\u00fcbnanl\u0131 karde\u015flere hizmet ve tesis sa\u011flanmas\u0131, ihtiya\u00e7lar\u0131n\u0131n kar\u015f\u0131lanmas\u0131 ve onlara lojistik ve sa\u011fl\u0131k hizmetleri sa\u011flanmas\u0131 konusundaki ilgisini dile getirerek, ter\u00f6r nedeniyle ya\u015fad\u0131\u011f\u0131 t\u00fcm zor ekonomik ko\u015fullara ve maruz kald\u0131\u011f\u0131 haks\u0131z ku\u015fatmaya ra\u011fmen Suriye&#8217;nin, herkesin bildi\u011fi gibi t\u00fcm onurlu Araplar\u0131n evi ve s\u0131\u011f\u0131na\u011f\u0131 olmaya devam edece\u011fini a\u00e7\u0131k\u00e7a kaydetti.<\/p>\n<p style=\"text-align: justify;\">Irak B\u00fcy\u00fckel\u00e7ili\u011fi Maslahatg\u00fczar\u0131 ise L\u00fcbnanl\u0131 gurbet\u00e7ilere yard\u0131m sa\u011flamak i\u00e7in enerjinin harekete ge\u00e7irilmesinde iki \u00fclke h\u00fck\u00fcmetleri aras\u0131ndaki i\u015fbirli\u011finin \u00f6nemini vurgulayarak, Irak&#8217;tan gelenlere bir grup t\u0131bbi ve g\u0131da yard\u0131m\u0131n\u0131n ula\u015ft\u0131\u011f\u0131na i\u015faret ederek, ayn\u0131 zamanda Suriye&#8217;deki \u00e7e\u015fitli taraflar\u0131n bu konuda g\u00f6sterdi\u011fi i\u015fbirli\u011fini \u00f6vd\u00fc.<\/p>\n<p style=\"text-align: justify;\">\u0130ki taraf ayr\u0131ca, iki karde\u015f \u00fclke ve halklar\u0131 birbirine ba\u011flayan karde\u015flik ve tarihi ili\u015fkilerin \u00f6nemini ve ekonomi, ticaret, enerji, y\u00fcksek \u00f6\u011frenim, bilimsel ara\u015ft\u0131rma ve sa\u011fl\u0131k alanlar\u0131nda ikili ili\u015fkilerin g\u00fc\u00e7lendirilmesi i\u00e7in bunlara yat\u0131r\u0131m yap\u0131lmas\u0131n\u0131n gereklili\u011fini vurgulad\u0131.<\/p>\n<p style=\"text-align: center;\"><strong><a href=\"https:\/\/t.me\/SuriyeArapHaberAjansI\">Telegram Kanal\u0131m\u0131z\u00a0<\/a>||<a href=\"https:\/\/twitter.com\/arap_ajans\">X Platformumuz\u00a0<\/a>||<a href=\"https:\/\/www.facebook.com\/SANAHaberAjansi\/\">Facebook Sayfam\u0131z<\/a><\/strong><\/p>\n","protected":false},"excerpt":{"rendered":"<p>\u015eAM (SANA) &#8211; \u00a0Bug\u00fcn Ba\u015fbakan, Irak&#8217;\u0131n \u015eam B\u00fcy\u00fckel\u00e7ili\u011fi Maslahatg\u00fczar\u0131 Yasin \u015eerif El Cuheymi ile L\u00fcbnan&#8217;dan Suriye&#8217;ye gelen karde\u015flerin temel malzeme ve yard\u0131m, g\u0131da ve t\u0131bbi ihtiya\u00e7lar\u0131n\u0131n kar\u015f\u0131lanmas\u0131na y\u00f6nelik iki \u00fclke aras\u0131ndaki koordinasyon mekanizmalar\u0131n\u0131 g\u00f6r\u00fc\u015ft\u00fc. El Celali, Suriye h\u00fck\u00fcmetinin, Cumhurba\u015fkan\u0131 Be\u015f\u015far Esad&#8217;\u0131n direktifleri do\u011frultusunda, s\u00fcrg\u00fcndeki L\u00fcbnanl\u0131 karde\u015flere hizmet ve tesis sa\u011flanmas\u0131, ihtiya\u00e7lar\u0131n\u0131n kar\u015f\u0131lanmas\u0131 ve onlara lojistik &hellip;<\/p>\n","protected":false},"author":41,"featured_media":309741,"comment_status":"closed","ping_status":"closed","sticky":false,"template":"","format":"standard","meta":{"footnotes":""},"categories":[458,589,459,17988],"tags":[42598,42599],"class_list":["post-309740","post","type-post","status-publish","format-standard","has-post-thumbnail","","category-dunya1","category-haber-seridi","category-haberler-arap-uluslararasi-politika","category-son-haberler","tag-el-celali","tag-lubnandan-gelenler-icin-yardim-malzemelerini-temin-temek-icin-el-huceymi-ile-koordinasyon-mekanizmalarini-gorustu"],"_links":{"self":[{"href":"https:\/\/archive.sana.sy\/tr\/index.php?rest_route=\/wp\/v2\/posts\/309740","targetHints":{"allow":["GET"]}}],"collection":[{"href":"https:\/\/archive.sana.sy\/tr\/index.php?rest_route=\/wp\/v2\/posts"}],"about":[{"href":"https:\/\/archive.sana.sy\/tr\/index.php?rest_route=\/wp\/v2\/types\/post"}],"author":[{"embeddable":true,"href":"https:\/\/archive.sana.sy\/tr\/index.php?rest_route=\/wp\/v2\/users\/41"}],"replies":[{"embeddable":true,"href":"https:\/\/archive.sana.sy\/tr\/index.php?rest_route=%2Fwp%2Fv2%2Fcomments&post=309740"}],"version-history":[{"count":3,"href":"https:\/\/archive.sana.sy\/tr\/index.php?rest_route=\/wp\/v2\/posts\/309740\/revisions"}],"predecessor-version":[{"id":309750,"href":"https:\/\/archive.sana.sy\/tr\/index.php?rest_route=\/wp\/v2\/posts\/309740\/revisions\/309750"}],"wp:featuredmedia":[{"embeddable":true,"href":"https:\/\/archive.sana.sy\/tr\/index.php?rest_route=\/wp\/v2\/media\/309741"}],"wp:attachment":[{"href":"https:\/\/archive.sana.sy\/tr\/index.php?rest_route=%2Fwp%2Fv2%2Fmedia&parent=309740"}],"wp:term":[{"taxonomy":"category","embeddable":true,"href":"https:\/\/archive.sana.sy\/tr\/index.php?rest_route=%2Fwp%2Fv2%2Fcategories&post=309740"},{"taxonomy":"post_tag","embeddable":true,"href":"https:\/\/archive.sana.sy\/tr\/index.php?rest_route=%2Fwp%2Fv2%2Ftags&post=309740"}],"curies":[{"name":"wp","href":"https:\/\/api.w.org\/{rel}","templated":true}]}}