{"id":309743,"date":"2024-10-07T11:26:14","date_gmt":"2024-10-07T08:26:14","guid":{"rendered":"https:\/\/sana.sy\/tr\/?p=309743"},"modified":"2024-10-07T15:52:46","modified_gmt":"2024-10-07T12:52:46","slug":"irak-direnisi-isgal-edilen-filistinde-dusman-israilin-askeri-bolgesini-ihalarla-hedef-aldi","status":"publish","type":"post","link":"https:\/\/archive.sana.sy\/tr\/?p=309743","title":{"rendered":"Irak Direni\u015fi, \u0130\u015fgal Edilen Filistin&#8217;de D\u00fc\u015fman \u0130srail\u2019e Ait Bir Askeri B\u00f6lgeyi \u0130HA\u2019larla Hedef Ald\u0131"},"content":{"rendered":"<p style=\"text-align: justify;\"><strong>BA\u011eDAT (SANA)<\/strong> &#8211;\u00a0 Irak direni\u015fi bug\u00fcn, i\u015fgal edilen Filistin&#8217;de d\u00fc\u015fman \u0130srail\u2019in hayati bir b\u00f6lgesini insans\u0131z hava ara\u00e7lar\u0131yla hedef ald\u0131\u011f\u0131n\u0131 duyurdu.<\/p>\n<p style=\"text-align: justify;\">Irak direni\u015finin a\u00e7\u0131klamas\u0131nda \u015fu ifadelere yer verildi: &#8220;\u0130\u015fgale kar\u015f\u0131 direni\u015f yakla\u015f\u0131m\u0131m\u0131z\u0131n devam\u0131, Filistin ve L\u00fcbnan&#8217;daki halklar\u0131m\u0131za destek ve gasp\u00e7\u0131 varl\u0131\u011f\u0131n aralar\u0131nda \u00e7ocuk, kad\u0131n ve ya\u015fl\u0131lar\u0131n da bulundu\u011fu sivillere y\u00f6nelik yapt\u0131\u011f\u0131 katliamlara yan\u0131t olarak, sava\u015f\u00e7\u0131lar\u0131m\u0131z bug\u00fcn \u015fafak vakti i\u015fgal alt\u0131ndaki topraklar\u0131m\u0131zdaki askeri hedefe insans\u0131z hava ara\u00e7lar\u0131yla sald\u0131rd\u0131.\u2019\u2019<\/p>\n<p style=\"text-align: justify;\">Irak direni\u015fi a\u00e7\u0131klamas\u0131n\u0131n sonunda d\u00fc\u015fman kalelerini yok etme operasyonlar\u0131n\u0131n artan bir h\u0131zla devam etti\u011fini do\u011frulad\u0131.<\/p>\n<p style=\"text-align: justify;\">Irak direni\u015fi \u00f6nceki g\u00fcn i\u015fgal alt\u0131ndaki topraklar\u0131n kuzey ve g\u00fcneyindeki iki \u0130srail d\u00fc\u015fman b\u00f6lgesini El Arkab \u201cMotor Cruise\u201d f\u00fczeleriyle hedef ald\u0131\u011f\u0131n\u0131 duyurmu\u015ftu.<\/p>\n<p style=\"text-align: center;\"><strong><a href=\"https:\/\/t.me\/SuriyeArapHaberAjansI\">Telegram Kanal\u0131m\u0131z\u00a0<\/a>||<a href=\"https:\/\/twitter.com\/arap_ajans\">X Platformumuz\u00a0<\/a>||<a href=\"https:\/\/www.facebook.com\/SANAHaberAjansi\/\">Facebook Sayfam\u0131z<\/a><\/strong><\/p>\n","protected":false},"excerpt":{"rendered":"<p>BA\u011eDAT (SANA) &#8211;\u00a0 Irak direni\u015fi bug\u00fcn, i\u015fgal edilen Filistin&#8217;de d\u00fc\u015fman \u0130srail\u2019in hayati bir b\u00f6lgesini insans\u0131z hava ara\u00e7lar\u0131yla hedef ald\u0131\u011f\u0131n\u0131 duyurdu. Irak direni\u015finin a\u00e7\u0131klamas\u0131nda \u015fu ifadelere yer verildi: &#8220;\u0130\u015fgale kar\u015f\u0131 direni\u015f yakla\u015f\u0131m\u0131m\u0131z\u0131n devam\u0131, Filistin ve L\u00fcbnan&#8217;daki halklar\u0131m\u0131za destek ve gasp\u00e7\u0131 varl\u0131\u011f\u0131n aralar\u0131nda \u00e7ocuk, kad\u0131n ve ya\u015fl\u0131lar\u0131n da bulundu\u011fu sivillere y\u00f6nelik yapt\u0131\u011f\u0131 katliamlara yan\u0131t olarak, sava\u015f\u00e7\u0131lar\u0131m\u0131z bug\u00fcn &hellip;<\/p>\n","protected":false},"author":41,"featured_media":309744,"comment_status":"closed","ping_status":"closed","sticky":false,"template":"","format":"standard","meta":{"footnotes":""},"categories":[458,589,459,17988],"tags":[40685,42569,42600],"class_list":["post-309743","post","type-post","status-publish","format-standard","has-post-thumbnail","","category-dunya1","category-haber-seridi","category-haberler-arap-uluslararasi-politika","category-son-haberler","tag-irak-direnisi","tag-iraktaki-hizbullah","tag-isgal-edilen-filistinde-dusman-israilin-askeri-bolgesini-ihalarla-hedef-aldi"],"_links":{"self":[{"href":"https:\/\/archive.sana.sy\/tr\/index.php?rest_route=\/wp\/v2\/posts\/309743","targetHints":{"allow":["GET"]}}],"collection":[{"href":"https:\/\/archive.sana.sy\/tr\/index.php?rest_route=\/wp\/v2\/posts"}],"about":[{"href":"https:\/\/archive.sana.sy\/tr\/index.php?rest_route=\/wp\/v2\/types\/post"}],"author":[{"embeddable":true,"href":"https:\/\/archive.sana.sy\/tr\/index.php?rest_route=\/wp\/v2\/users\/41"}],"replies":[{"embeddable":true,"href":"https:\/\/archive.sana.sy\/tr\/index.php?rest_route=%2Fwp%2Fv2%2Fcomments&post=309743"}],"version-history":[{"count":3,"href":"https:\/\/archive.sana.sy\/tr\/index.php?rest_route=\/wp\/v2\/posts\/309743\/revisions"}],"predecessor-version":[{"id":309747,"href":"https:\/\/archive.sana.sy\/tr\/index.php?rest_route=\/wp\/v2\/posts\/309743\/revisions\/309747"}],"wp:featuredmedia":[{"embeddable":true,"href":"https:\/\/archive.sana.sy\/tr\/index.php?rest_route=\/wp\/v2\/media\/309744"}],"wp:attachment":[{"href":"https:\/\/archive.sana.sy\/tr\/index.php?rest_route=%2Fwp%2Fv2%2Fmedia&parent=309743"}],"wp:term":[{"taxonomy":"category","embeddable":true,"href":"https:\/\/archive.sana.sy\/tr\/index.php?rest_route=%2Fwp%2Fv2%2Fcategories&post=309743"},{"taxonomy":"post_tag","embeddable":true,"href":"https:\/\/archive.sana.sy\/tr\/index.php?rest_route=%2Fwp%2Fv2%2Ftags&post=309743"}],"curies":[{"name":"wp","href":"https:\/\/api.w.org\/{rel}","templated":true}]}}