{"id":309752,"date":"2024-10-07T17:22:38","date_gmt":"2024-10-07T14:22:38","guid":{"rendered":"https:\/\/sana.sy\/tr\/?p=309752"},"modified":"2024-10-07T17:26:38","modified_gmt":"2024-10-07T14:26:38","slug":"yerel-yonetim-bakani-bm-multeciler-komiseri-ile-lubnandan-gelenlerin-ihtiyaclarini-karsilamanin-yollarini-gorustu","status":"publish","type":"post","link":"https:\/\/archive.sana.sy\/tr\/?p=309752","title":{"rendered":"Yerel Y\u00f6netim Bakan\u0131, BM M\u00fclteciler Komiseri \u0130le L\u00fcbnan&#8217;dan Gelenlerin \u0130htiya\u00e7lar\u0131n\u0131 Kar\u015f\u0131laman\u0131n Yollar\u0131n\u0131 G\u00f6r\u00fc\u015ft\u00fc"},"content":{"rendered":"<p style=\"text-align: justify;\"><strong>\u015eAM (SANA)<\/strong> &#8211; Yerel Y\u00f6netim ve \u00c7evre Bakan\u0131 Luey Harita, Birle\u015fmi\u015f Milletler M\u00fclteciler Y\u00fcksek Komiseri Filippo Grandi ile \u0130srail&#8217;in sald\u0131rganl\u0131\u011f\u0131 sonucu L\u00fcbnan&#8217;dan Suriye&#8217;ye gelenlerin ihtiya\u00e7lar\u0131n\u0131n kar\u015f\u0131lanmas\u0131n\u0131n yollar\u0131n\u0131 ve onlara insani yard\u0131m sa\u011flanmas\u0131n\u0131n gereklili\u011fini g\u00f6r\u00fc\u015ft\u00fc.<\/p>\n<p style=\"text-align: justify;\">Bakan Harita, Suriye h\u00fck\u00fcmetinin, sald\u0131r\u0131 sonucu L\u00fcbnan&#8217;dan gelenlere acil m\u00fcdahale \u00e7er\u00e7evesinde, gelenlerin Suriye&#8217;ye giri\u015fini kolayla\u015ft\u0131rmak i\u00e7in bir dizi \u00f6nlem ve karar ald\u0131\u011f\u0131n\u0131 do\u011frulayarak, BMMYK&#8217;n\u0131n \u00e7abalar\u0131n\u0131 ve ihtiya\u00e7lar\u0131n bir k\u0131sm\u0131n\u0131 kar\u015f\u0131lamaya ve Suriye&#8217;deki BMMYK taraf\u0131ndan uygulanan i\u015fbirli\u011fi projeleri hakk\u0131nda ba\u015fka bir ba\u011flamda konu\u015farak, var\u0131\u015flara ula\u015fmalar\u0131n\u0131 sa\u011flayan katk\u0131lar\u0131n\u0131 \u00f6vd\u00fc.<\/p>\n<p style=\"text-align: justify;\">Buna kar\u015f\u0131l\u0131k Grande, bug\u00fcnk\u00fc Suriye ziyaretinin, L\u00fcbnan&#8217;daki trajik durumun, Suriye&#8217;ye gelenlere yan\u0131t verme \u00e7abalar\u0131n\u0131 desteklemek i\u00e7in herkesin daha fazla i\u015fbirli\u011fi gerektirdi\u011fine dair d\u00fcnyaya a\u00e7\u0131k mesajlar g\u00f6ndermeyi ama\u00e7lad\u0131\u011f\u0131n\u0131 a\u00e7\u0131klarken, Komisyonun, Suriye Arap K\u0131z\u0131lay\u0131 ile i\u015f birli\u011fi yaparak \u015eam valilikleri ve k\u0131rsal\u0131, Humus, Tartus, Lazkiye ile \u0130dlib k\u0131rsal\u0131n\u0131n baz\u0131 b\u00f6lgelerine da\u011f\u0131t\u0131lan insani yard\u0131mlar\u0131 sa\u011flad\u0131\u011f\u0131na i\u015faret etti.<\/p>\n<p style=\"text-align: justify;\">M\u00fclteci \u0130\u015flerinden Sorumlu Komiser, Y\u00fcksek Yard\u0131m Komitesi arac\u0131l\u0131\u011f\u0131yla bu ki\u015filerin ihtiya\u00e7lar\u0131n\u0131n kar\u015f\u0131lanmas\u0131 ve destek sa\u011flanmas\u0131na y\u00f6nelik \u00e7abalar\u0131 koordine etmeye devam ederek, L\u00fcbnan&#8217;dan gelenlere acil m\u00fcdahale alan\u0131nda Suriye h\u00fck\u00fcmetiyle i\u015fbirli\u011finin devam etti\u011fini vurgulad\u0131.<\/p>\n<p style=\"text-align: center;\"><strong><a href=\"https:\/\/t.me\/SuriyeArapHaberAjansI\">Telegram Kanal\u0131m\u0131z\u00a0<\/a>||<a href=\"https:\/\/twitter.com\/arap_ajans\">X Platformumuz\u00a0<\/a>||<a href=\"https:\/\/www.facebook.com\/SANAHaberAjansi\/\">Facebook Sayfam\u0131z<\/a><\/strong><\/p>\n","protected":false},"excerpt":{"rendered":"<p>\u015eAM (SANA) &#8211; Yerel Y\u00f6netim ve \u00c7evre Bakan\u0131 Luey Harita, Birle\u015fmi\u015f Milletler M\u00fclteciler Y\u00fcksek Komiseri Filippo Grandi ile \u0130srail&#8217;in sald\u0131rganl\u0131\u011f\u0131 sonucu L\u00fcbnan&#8217;dan Suriye&#8217;ye gelenlerin ihtiya\u00e7lar\u0131n\u0131n kar\u015f\u0131lanmas\u0131n\u0131n yollar\u0131n\u0131 ve onlara insani yard\u0131m sa\u011flanmas\u0131n\u0131n gereklili\u011fini g\u00f6r\u00fc\u015ft\u00fc. Bakan Harita, Suriye h\u00fck\u00fcmetinin, sald\u0131r\u0131 sonucu L\u00fcbnan&#8217;dan gelenlere acil m\u00fcdahale \u00e7er\u00e7evesinde, gelenlerin Suriye&#8217;ye giri\u015fini kolayla\u015ft\u0131rmak i\u00e7in bir dizi \u00f6nlem ve karar &hellip;<\/p>\n","protected":false},"author":41,"featured_media":309754,"comment_status":"closed","ping_status":"closed","sticky":false,"template":"","format":"standard","meta":{"footnotes":""},"categories":[589,479,17988,478],"tags":[],"class_list":["post-309752","post","type-post","status-publish","format-standard","has-post-thumbnail","","category-haber-seridi","category-haberler-yerel","category-son-haberler","category-yerel"],"_links":{"self":[{"href":"https:\/\/archive.sana.sy\/tr\/index.php?rest_route=\/wp\/v2\/posts\/309752","targetHints":{"allow":["GET"]}}],"collection":[{"href":"https:\/\/archive.sana.sy\/tr\/index.php?rest_route=\/wp\/v2\/posts"}],"about":[{"href":"https:\/\/archive.sana.sy\/tr\/index.php?rest_route=\/wp\/v2\/types\/post"}],"author":[{"embeddable":true,"href":"https:\/\/archive.sana.sy\/tr\/index.php?rest_route=\/wp\/v2\/users\/41"}],"replies":[{"embeddable":true,"href":"https:\/\/archive.sana.sy\/tr\/index.php?rest_route=%2Fwp%2Fv2%2Fcomments&post=309752"}],"version-history":[{"count":1,"href":"https:\/\/archive.sana.sy\/tr\/index.php?rest_route=\/wp\/v2\/posts\/309752\/revisions"}],"predecessor-version":[{"id":309753,"href":"https:\/\/archive.sana.sy\/tr\/index.php?rest_route=\/wp\/v2\/posts\/309752\/revisions\/309753"}],"wp:featuredmedia":[{"embeddable":true,"href":"https:\/\/archive.sana.sy\/tr\/index.php?rest_route=\/wp\/v2\/media\/309754"}],"wp:attachment":[{"href":"https:\/\/archive.sana.sy\/tr\/index.php?rest_route=%2Fwp%2Fv2%2Fmedia&parent=309752"}],"wp:term":[{"taxonomy":"category","embeddable":true,"href":"https:\/\/archive.sana.sy\/tr\/index.php?rest_route=%2Fwp%2Fv2%2Fcategories&post=309752"},{"taxonomy":"post_tag","embeddable":true,"href":"https:\/\/archive.sana.sy\/tr\/index.php?rest_route=%2Fwp%2Fv2%2Ftags&post=309752"}],"curies":[{"name":"wp","href":"https:\/\/api.w.org\/{rel}","templated":true}]}}