{"id":309760,"date":"2024-10-07T18:44:38","date_gmt":"2024-10-07T15:44:38","guid":{"rendered":"https:\/\/sana.sy\/tr\/?p=309760"},"modified":"2024-10-07T18:44:38","modified_gmt":"2024-10-07T15:44:38","slug":"patrik-avrem-ii-israil-saldirganligindan-etkilenen-lubnan-halkini-desteklemek-icin-acil-uluslararasi-eylem-cagrisinda-bulundu","status":"publish","type":"post","link":"https:\/\/archive.sana.sy\/tr\/?p=309760","title":{"rendered":"Patrik Avrem II, \u0130srail Sald\u0131rganl\u0131\u011f\u0131ndan Etkilenen L\u00fcbnan Halk\u0131n\u0131 Desteklemek \u0130\u00e7in Acil Uluslararas\u0131 Eylem \u00c7a\u011fr\u0131s\u0131nda Bulundu"},"content":{"rendered":"<p style=\"text-align: justify;\"><strong>\u015eAM (SANA) &#8211;<\/strong> \u00a0Antakya ve T\u00fcm Do\u011fu Patri\u011fi, d\u00fcnyadaki S\u00fcryani Ortodoks Kilisesi&#8217;nin Y\u00fcce Ba\u015fkan\u0131, Hazreti Patrik Mar Ignatius Aphrem II, bug\u00fcn L\u00fcbnanl\u0131lara acil destek ve yard\u0131m sa\u011flanmas\u0131 i\u00e7in acil uluslararas\u0131 eylem \u00e7a\u011fr\u0131s\u0131nda bulundu.<\/p>\n<p style=\"text-align: justify;\">Bug\u00fcn L\u00fcbnan&#8217;\u0131n El At\u015fane kentindeki Patriklik karargah\u0131ndan yay\u0131nlanan insani \u00e7a\u011fr\u0131da Patrik Avrem II, \u0130srailli d\u00fc\u015fman\u0131n masum L\u00fcbnanl\u0131lara kar\u015f\u0131 her g\u00fcn devam eden katliamlar\u0131n\u0131 ve bir bu\u00e7uk milyondan fazla insan\u0131n \u015fehirlerinden zorla yerinden edilmesini ve evlerinin y\u0131k\u0131lmas\u0131n\u0131 k\u0131nad\u0131.<\/p>\n<p style=\"text-align: justify;\">L\u00fcbnan&#8217;a y\u00f6nelik bu haks\u0131z sava\u015f\u0131n dayatt\u0131\u011f\u0131 yeni ger\u00e7ekli\u011fin, evlerini terk etmek zorunda kalan her L\u00fcbnanl\u0131ya yard\u0131m etmek i\u00e7in destekleme ve dayan\u0131\u015fma gerektirdi\u011fini, L\u00fcbnan&#8217;\u0131n her yerinde g\u00fcvenlik ve istikrar\u0131n yeniden tesis edilmesi i\u00e7in \u00e7ok \u00e7al\u0131\u015fmay\u0131 gerektirdi\u011fini belirten Patrik II. Avrem, t\u00fcm L\u00fcbnanl\u0131lar\u0131 tehlikeleri \u00f6nlemek ve \u00fclkenin anayasal y\u00fck\u00fcml\u00fcl\u00fcklerini yerine getirmek i\u00e7in birlikte durmaya \u00e7a\u011f\u0131rd\u0131.<\/p>\n<p style=\"text-align: center;\"><strong><a href=\"https:\/\/t.me\/SuriyeArapHaberAjansI\">Telegram Kanal\u0131m\u0131z\u00a0<\/a>||<a href=\"https:\/\/twitter.com\/arap_ajans\">X Platformumuz\u00a0<\/a>||<a href=\"https:\/\/www.facebook.com\/SANAHaberAjansi\/\">Facebook Sayfam\u0131z<\/a><\/strong><\/p>\n","protected":false},"excerpt":{"rendered":"<p>\u015eAM (SANA) &#8211; \u00a0Antakya ve T\u00fcm Do\u011fu Patri\u011fi, d\u00fcnyadaki S\u00fcryani Ortodoks Kilisesi&#8217;nin Y\u00fcce Ba\u015fkan\u0131, Hazreti Patrik Mar Ignatius Aphrem II, bug\u00fcn L\u00fcbnanl\u0131lara acil destek ve yard\u0131m sa\u011flanmas\u0131 i\u00e7in acil uluslararas\u0131 eylem \u00e7a\u011fr\u0131s\u0131nda bulundu. Bug\u00fcn L\u00fcbnan&#8217;\u0131n El At\u015fane kentindeki Patriklik karargah\u0131ndan yay\u0131nlanan insani \u00e7a\u011fr\u0131da Patrik Avrem II, \u0130srailli d\u00fc\u015fman\u0131n masum L\u00fcbnanl\u0131lara kar\u015f\u0131 her g\u00fcn devam eden &hellip;<\/p>\n","protected":false},"author":41,"featured_media":309761,"comment_status":"closed","ping_status":"closed","sticky":false,"template":"","format":"standard","meta":{"footnotes":""},"categories":[589,479,17988,478],"tags":[],"class_list":["post-309760","post","type-post","status-publish","format-standard","has-post-thumbnail","","category-haber-seridi","category-haberler-yerel","category-son-haberler","category-yerel"],"_links":{"self":[{"href":"https:\/\/archive.sana.sy\/tr\/index.php?rest_route=\/wp\/v2\/posts\/309760","targetHints":{"allow":["GET"]}}],"collection":[{"href":"https:\/\/archive.sana.sy\/tr\/index.php?rest_route=\/wp\/v2\/posts"}],"about":[{"href":"https:\/\/archive.sana.sy\/tr\/index.php?rest_route=\/wp\/v2\/types\/post"}],"author":[{"embeddable":true,"href":"https:\/\/archive.sana.sy\/tr\/index.php?rest_route=\/wp\/v2\/users\/41"}],"replies":[{"embeddable":true,"href":"https:\/\/archive.sana.sy\/tr\/index.php?rest_route=%2Fwp%2Fv2%2Fcomments&post=309760"}],"version-history":[{"count":1,"href":"https:\/\/archive.sana.sy\/tr\/index.php?rest_route=\/wp\/v2\/posts\/309760\/revisions"}],"predecessor-version":[{"id":309762,"href":"https:\/\/archive.sana.sy\/tr\/index.php?rest_route=\/wp\/v2\/posts\/309760\/revisions\/309762"}],"wp:featuredmedia":[{"embeddable":true,"href":"https:\/\/archive.sana.sy\/tr\/index.php?rest_route=\/wp\/v2\/media\/309761"}],"wp:attachment":[{"href":"https:\/\/archive.sana.sy\/tr\/index.php?rest_route=%2Fwp%2Fv2%2Fmedia&parent=309760"}],"wp:term":[{"taxonomy":"category","embeddable":true,"href":"https:\/\/archive.sana.sy\/tr\/index.php?rest_route=%2Fwp%2Fv2%2Fcategories&post=309760"},{"taxonomy":"post_tag","embeddable":true,"href":"https:\/\/archive.sana.sy\/tr\/index.php?rest_route=%2Fwp%2Fv2%2Ftags&post=309760"}],"curies":[{"name":"wp","href":"https:\/\/api.w.org\/{rel}","templated":true}]}}