{"id":309764,"date":"2024-10-07T18:57:42","date_gmt":"2024-10-07T15:57:42","guid":{"rendered":"https:\/\/sana.sy\/tr\/?p=309764"},"modified":"2024-10-08T11:52:31","modified_gmt":"2024-10-08T08:52:31","slug":"halk-meclisi-ekim-kurtulus-savasini-andi","status":"publish","type":"post","link":"https:\/\/archive.sana.sy\/tr\/?p=309764","title":{"rendered":"Halk Meclisi Ekim Kurtulu\u015f Sava\u015f\u0131&#8217;n\u0131 And\u0131 &#8230; Kahramanl\u0131k, Fedakarl\u0131k Ve Kurtulu\u015f Ruhunu Somutla\u015ft\u0131ran Bir Ba\u015far\u0131d\u0131r"},"content":{"rendered":"<p style=\"text-align: justify;\"><strong>\u015eAM (SANA)<\/strong> &#8211; Halk Meclisi, Konsey Ba\u015fkan\u0131 Hammuda Sabba\u011f ba\u015fkanl\u0131\u011f\u0131nda bug\u00fcn ger\u00e7ekle\u015ftirilen d\u00f6rd\u00fcnc\u00fc yasama oturumunun ilk ola\u011fan oturumunun ikinci oturumunda, Ti\u015frin Kurtulu\u015f Sava\u015f\u0131&#8217;n\u0131n elli birinci y\u0131ld\u00f6n\u00fcm\u00fcn\u00fc and\u0131.<\/p>\n<p style=\"text-align: justify;\">Sabba\u011f yapt\u0131\u011f\u0131 Halk Meclisi \u00f6n\u00fcnde yapt\u0131\u011f\u0131 konu\u015fmada, kurucu lider Haf\u0131z Esad&#8217;\u0131n Ekim ay\u0131ndaki b\u00fcy\u00fck ba\u015far\u0131s\u0131n\u0131n, ordular\u0131n\u0131n ana destek\u00e7isi olan Suriye halk\u0131n\u0131 ve L\u00fcbnan ve Filistin&#8217;deki Ulusal Direni\u015f adamlar\u0131n\u0131 karakterize eden kahramanl\u0131k, fedakarl\u0131k ve kurtulu\u015f ruhunu somutla\u015ft\u0131rd\u0131\u011f\u0131n\u0131 vurgulad\u0131.<\/p>\n<p style=\"text-align: justify;\">Sabba\u011f ayr\u0131ca, Siyonist varl\u0131\u011f\u0131n L\u00fcbnan ve Filistin halklar\u0131na kar\u015f\u0131 yapt\u0131\u011f\u0131 i\u011fren\u00e7 katliamlara, bunlar\u0131n t\u00fcm uluslararas\u0131 norm ve s\u00f6zle\u015fmeleri a\u00e7\u0131k\u00e7a ihlal etti\u011fine, insan haklar\u0131 ve uluslararas\u0131 insanc\u0131l hukukun en temel kurallar\u0131n\u0131 a\u00e7\u0131k bir \u015fekilde ihlal etti\u011fine dikkat \u00e7ekerek, televizyon ekranlar\u0131ndaki canl\u0131 sahneler ve g\u00f6r\u00fcnt\u00fclerin bu su\u00e7un ve mahallelerin sistematik bir \u015fekilde yok edilmesinin en g\u00fczel kan\u0131t\u0131 oldu\u011funa dikkat \u00e7ekti.<\/p>\n<p style=\"text-align: justify;\">Halk Meclisi Ba\u015fkan\u0131, milletin pak \u015fehitlerinin ruhlar\u0131na en y\u00fcksek h\u00fcrmet ve hayranl\u0131k ifadeleriyle hitap ederek, Suriye Arap Ordusunun kahramanlar\u0131n\u0131, kararl\u0131 Suriye halk\u0131n\u0131, Golan&#8217;daki kararl\u0131 halk\u0131m\u0131z\u0131, L\u00fcbnan ve Filistin&#8217;deki direni\u015f sava\u015f\u00e7\u0131lar\u0131n\u0131 selamlad\u0131.<\/p>\n<p style=\"text-align: justify;\">Buna kar\u015f\u0131l\u0131k meclis \u00fcyeleri, Ekim Kurtulu\u015f Sava\u015f\u0131&#8217;n\u0131n an\u0131s\u0131n\u0131n \u00f6l\u00fcms\u00fcz kalaca\u011f\u0131n\u0131 ve halk\u0131n vicdan\u0131nda bir gurur ve haysiyet sembol\u00fc olarak kalaca\u011f\u0131n\u0131, \u00e7\u00fcnk\u00fc bunun Arap ulusunun hayat\u0131nda yeni bir tarihin ba\u015flang\u0131c\u0131n\u0131 i\u015faret etti\u011fini do\u011frulayarak, \u2018\u2019Haziran 1967&#8217;deki gerilemenin yans\u0131malar\u0131 ortadan kalkt\u0131. D\u00fc\u015fman\u0131n ordunun yenilmezli\u011fi efsanesini yerle bir etti ve b\u00f6lgeye yeni denklemler dayatt\u0131\u2019\u2019 dedi.<\/p>\n<p style=\"text-align: justify;\">Meclis \u00fcyeleri ayr\u0131ca, ter\u00f6re kar\u015f\u0131 nihai zafer elde edilene ve gasp edilen Arap haklar\u0131 ve topraklar\u0131 iade edilene kadar, t\u00fcm zorluklara ra\u011fmen m\u00fccadelenin s\u00fcrd\u00fcr\u00fclece\u011fini vurgulad\u0131lar.<\/p>\n<p style=\"text-align: center;\"><strong><a href=\"https:\/\/t.me\/SuriyeArapHaberAjansI\">Telegram Kanal\u0131m\u0131z\u00a0<\/a>||<a href=\"https:\/\/twitter.com\/arap_ajans\">X Platformumuz\u00a0<\/a>||<a href=\"https:\/\/www.facebook.com\/SANAHaberAjansi\/\">Facebook Sayfam\u0131z<\/a><\/strong><\/p>\n","protected":false},"excerpt":{"rendered":"<p>\u015eAM (SANA) &#8211; Halk Meclisi, Konsey Ba\u015fkan\u0131 Hammuda Sabba\u011f ba\u015fkanl\u0131\u011f\u0131nda bug\u00fcn ger\u00e7ekle\u015ftirilen d\u00f6rd\u00fcnc\u00fc yasama oturumunun ilk ola\u011fan oturumunun ikinci oturumunda, Ti\u015frin Kurtulu\u015f Sava\u015f\u0131&#8217;n\u0131n elli birinci y\u0131ld\u00f6n\u00fcm\u00fcn\u00fc and\u0131. Sabba\u011f yapt\u0131\u011f\u0131 Halk Meclisi \u00f6n\u00fcnde yapt\u0131\u011f\u0131 konu\u015fmada, kurucu lider Haf\u0131z Esad&#8217;\u0131n Ekim ay\u0131ndaki b\u00fcy\u00fck ba\u015far\u0131s\u0131n\u0131n, ordular\u0131n\u0131n ana destek\u00e7isi olan Suriye halk\u0131n\u0131 ve L\u00fcbnan ve Filistin&#8217;deki Ulusal Direni\u015f adamlar\u0131n\u0131 &hellip;<\/p>\n","protected":false},"author":41,"featured_media":309765,"comment_status":"closed","ping_status":"closed","sticky":false,"template":"","format":"standard","meta":{"footnotes":""},"categories":[479,17988,478],"tags":[42602],"class_list":["post-309764","post","type-post","status-publish","format-standard","has-post-thumbnail","","category-haberler-yerel","category-son-haberler","category-yerel","tag-halk-meclisi-ekim-kurtulus-savasini-andi"],"_links":{"self":[{"href":"https:\/\/archive.sana.sy\/tr\/index.php?rest_route=\/wp\/v2\/posts\/309764","targetHints":{"allow":["GET"]}}],"collection":[{"href":"https:\/\/archive.sana.sy\/tr\/index.php?rest_route=\/wp\/v2\/posts"}],"about":[{"href":"https:\/\/archive.sana.sy\/tr\/index.php?rest_route=\/wp\/v2\/types\/post"}],"author":[{"embeddable":true,"href":"https:\/\/archive.sana.sy\/tr\/index.php?rest_route=\/wp\/v2\/users\/41"}],"replies":[{"embeddable":true,"href":"https:\/\/archive.sana.sy\/tr\/index.php?rest_route=%2Fwp%2Fv2%2Fcomments&post=309764"}],"version-history":[{"count":2,"href":"https:\/\/archive.sana.sy\/tr\/index.php?rest_route=\/wp\/v2\/posts\/309764\/revisions"}],"predecessor-version":[{"id":309767,"href":"https:\/\/archive.sana.sy\/tr\/index.php?rest_route=\/wp\/v2\/posts\/309764\/revisions\/309767"}],"wp:featuredmedia":[{"embeddable":true,"href":"https:\/\/archive.sana.sy\/tr\/index.php?rest_route=\/wp\/v2\/media\/309765"}],"wp:attachment":[{"href":"https:\/\/archive.sana.sy\/tr\/index.php?rest_route=%2Fwp%2Fv2%2Fmedia&parent=309764"}],"wp:term":[{"taxonomy":"category","embeddable":true,"href":"https:\/\/archive.sana.sy\/tr\/index.php?rest_route=%2Fwp%2Fv2%2Fcategories&post=309764"},{"taxonomy":"post_tag","embeddable":true,"href":"https:\/\/archive.sana.sy\/tr\/index.php?rest_route=%2Fwp%2Fv2%2Ftags&post=309764"}],"curies":[{"name":"wp","href":"https:\/\/api.w.org\/{rel}","templated":true}]}}