{"id":309771,"date":"2024-10-08T10:07:08","date_gmt":"2024-10-08T07:07:08","guid":{"rendered":"https:\/\/sana.sy\/tr\/?p=309771"},"modified":"2024-10-08T10:08:58","modified_gmt":"2024-10-08T07:08:58","slug":"isgalcilerin-gazze-seridinin-farkli-bolgelerini-bombalamasi-sonucu-14-sehit-ve-cok-sayida-yarali","status":"publish","type":"post","link":"https:\/\/archive.sana.sy\/tr\/?p=309771","title":{"rendered":"\u0130\u015fgalcilerin Gazze \u015eeridi&#8217;nin Farkl\u0131 B\u00f6lgelerini Bombalamas\u0131 Sonucu 14 \u015eehit Ve \u00c7ok Say\u0131da Yaral\u0131"},"content":{"rendered":"<p style=\"text-align: justify;\"><strong>\u0130\u015eGAL ED\u0130LEN KUD\u00dcS (SANA)<\/strong> \u2013 \u0130srail i\u015fgal u\u00e7aklar\u0131n\u0131n felakete u\u011fram\u0131\u015f Gazze \u015eeridi&#8217;nin farkl\u0131 b\u00f6lgelerini bombalamas\u0131 sonucu bug\u00fcn \u015fafak vakti 14 Filistinli \u015fehit d\u00fc\u015ft\u00fc, \u00e7ok say\u0131da Filistinli de yaraland\u0131.<\/p>\n<p style=\"text-align: justify;\">WAFA Haber Ajans\u0131, i\u015fgal u\u00e7aklar\u0131n\u0131n Gazze \u015eeridi&#8217;nin merkezindeki Bureij kamp\u0131ndaki El Sikka Caddesi&#8217;ndeki bir evi ve m\u00fclteci \u00e7ad\u0131rlar\u0131n\u0131 bombalayarak 11 Filistinlinin \u015fehit d\u00fc\u015ft\u00fc\u011f\u00fcn\u00fc, 25 ki\u015finin de yaraland\u0131\u011f\u0131n\u0131 bildirdi.<\/p>\n<p style=\"text-align: justify;\">Ajans ayr\u0131ca, \u0130\u015fgal u\u00e7aklar\u0131n\u0131n Gazze \u015eeridi&#8217;nin merkezindeki Nuseyrat kamp\u0131n\u0131n bat\u0131s\u0131ndaki bir evi bombalamas\u0131 sonucu 2 Filistinlinin \u015fehit d\u00fc\u015ft\u00fc\u011f\u00fcn\u00fc, \u00e7ok say\u0131da ki\u015finin de yaraland\u0131\u011f\u0131na i\u015faret etti.<\/p>\n<p style=\"text-align: justify;\">\u0130srail i\u015fgal u\u00e7aklar\u0131n\u0131n Gazze \u015eeridi&#8217;nin g\u00fcneyinde Refah \u015fehrinin kuzeyindeki Hirbet Adas b\u00f6lgesinde bir camiyi bombalamas\u0131 sonucu Filistinli bir kad\u0131n \u015fehit d\u00fc\u015ft\u00fc, \u00e7ok say\u0131da ki\u015fi de yaraland\u0131.<\/p>\n<p style=\"text-align: center;\"><strong><a href=\"https:\/\/t.me\/SuriyeArapHaberAjansI\">Telegram Kanal\u0131m\u0131z\u00a0<\/a>||<a href=\"https:\/\/twitter.com\/arap_ajans\">X Platformumuz\u00a0<\/a>||<a href=\"https:\/\/www.facebook.com\/SANAHaberAjansi\/\">Facebook Sayfam\u0131z<\/a><\/strong><\/p>\n","protected":false},"excerpt":{"rendered":"<p>\u0130\u015eGAL ED\u0130LEN KUD\u00dcS (SANA) \u2013 \u0130srail i\u015fgal u\u00e7aklar\u0131n\u0131n felakete u\u011fram\u0131\u015f Gazze \u015eeridi&#8217;nin farkl\u0131 b\u00f6lgelerini bombalamas\u0131 sonucu bug\u00fcn \u015fafak vakti 14 Filistinli \u015fehit d\u00fc\u015ft\u00fc, \u00e7ok say\u0131da Filistinli de yaraland\u0131. WAFA Haber Ajans\u0131, i\u015fgal u\u00e7aklar\u0131n\u0131n Gazze \u015eeridi&#8217;nin merkezindeki Bureij kamp\u0131ndaki El Sikka Caddesi&#8217;ndeki bir evi ve m\u00fclteci \u00e7ad\u0131rlar\u0131n\u0131 bombalayarak 11 Filistinlinin \u015fehit d\u00fc\u015ft\u00fc\u011f\u00fcn\u00fc, 25 ki\u015finin de yaraland\u0131\u011f\u0131n\u0131 &hellip;<\/p>\n","protected":false},"author":39,"featured_media":309772,"comment_status":"closed","ping_status":"closed","sticky":false,"template":"","format":"standard","meta":{"footnotes":""},"categories":[458,589,459,17988],"tags":[],"class_list":["post-309771","post","type-post","status-publish","format-standard","has-post-thumbnail","","category-dunya1","category-haber-seridi","category-haberler-arap-uluslararasi-politika","category-son-haberler"],"_links":{"self":[{"href":"https:\/\/archive.sana.sy\/tr\/index.php?rest_route=\/wp\/v2\/posts\/309771","targetHints":{"allow":["GET"]}}],"collection":[{"href":"https:\/\/archive.sana.sy\/tr\/index.php?rest_route=\/wp\/v2\/posts"}],"about":[{"href":"https:\/\/archive.sana.sy\/tr\/index.php?rest_route=\/wp\/v2\/types\/post"}],"author":[{"embeddable":true,"href":"https:\/\/archive.sana.sy\/tr\/index.php?rest_route=\/wp\/v2\/users\/39"}],"replies":[{"embeddable":true,"href":"https:\/\/archive.sana.sy\/tr\/index.php?rest_route=%2Fwp%2Fv2%2Fcomments&post=309771"}],"version-history":[{"count":2,"href":"https:\/\/archive.sana.sy\/tr\/index.php?rest_route=\/wp\/v2\/posts\/309771\/revisions"}],"predecessor-version":[{"id":309774,"href":"https:\/\/archive.sana.sy\/tr\/index.php?rest_route=\/wp\/v2\/posts\/309771\/revisions\/309774"}],"wp:featuredmedia":[{"embeddable":true,"href":"https:\/\/archive.sana.sy\/tr\/index.php?rest_route=\/wp\/v2\/media\/309772"}],"wp:attachment":[{"href":"https:\/\/archive.sana.sy\/tr\/index.php?rest_route=%2Fwp%2Fv2%2Fmedia&parent=309771"}],"wp:term":[{"taxonomy":"category","embeddable":true,"href":"https:\/\/archive.sana.sy\/tr\/index.php?rest_route=%2Fwp%2Fv2%2Fcategories&post=309771"},{"taxonomy":"post_tag","embeddable":true,"href":"https:\/\/archive.sana.sy\/tr\/index.php?rest_route=%2Fwp%2Fv2%2Ftags&post=309771"}],"curies":[{"name":"wp","href":"https:\/\/api.w.org\/{rel}","templated":true}]}}