{"id":309775,"date":"2024-10-08T10:38:01","date_gmt":"2024-10-08T07:38:01","guid":{"rendered":"https:\/\/sana.sy\/tr\/?p=309775"},"modified":"2024-10-08T10:50:52","modified_gmt":"2024-10-08T07:50:52","slug":"lubnan-ulusal-direnisi-dusman-israilin-mevzilerini-ve-toplantilarina-karsi-bircok-operasyonlar-gerceklestirdi","status":"publish","type":"post","link":"https:\/\/archive.sana.sy\/tr\/?p=309775","title":{"rendered":"L\u00fcbnan Ulusal Direni\u015fi D\u00fc\u015fman \u0130srail&#8217;in Mevzilerine Ve Toplant\u0131lar\u0131na Kar\u015f\u0131 Bir\u00e7ok Operasyon Ger\u00e7ekle\u015ftirdi"},"content":{"rendered":"<p style=\"text-align: justify;\"><strong>BEYRUT (SANA) \u2013<\/strong> \u0130srail varl\u0131\u011f\u0131n\u0131n L\u00fcbnan k\u00f6y ve kasabalar\u0131n\u0131n yan\u0131 s\u0131ra Gazze \u015eeridi\u2019nde de devam eden fa\u015fist sald\u0131rganl\u0131\u011f\u0131na yan\u0131t olarak L\u00fcbnan Ulusal Direni\u015fi, bug\u00fcn \u015fafak vaktinden bu yana d\u00fc\u015fman g\u00fc\u00e7lerinin mevzilerine kar\u015f\u0131 bir\u00e7ok operasyon ger\u00e7ekle\u015ftirdi.<\/p>\n<p style=\"text-align: justify;\">Direni\u015fin ilk a\u00e7\u0131klamas\u0131nda \u015fu ifadelere yer verildi: \u201cGazze \u015eeridi\u2019ndeki kararl\u0131 Filistin halk\u0131m\u0131za, onlar\u0131n yi\u011fit direni\u015fine destek ve L\u00fcbnan\u2019\u0131 ve halk\u0131n\u0131 savunma olarak, bug\u00fcn saat 12.05\u2019te direni\u015f\u00e7iler, \u201c\u015elomi\u201d yerle\u015fimindeki d\u00fc\u015fman g\u00fc\u00e7lerini f\u00fczeleriyle hedef ald\u0131.\u201d<\/p>\n<p style=\"text-align: justify;\">Direni\u015f, ikinci a\u00e7\u0131klamas\u0131nda, &#8220;Hanita&#8221; yerle\u015fimindeki bir ba\u015fka d\u00fc\u015fman g\u00fc\u00e7lerini f\u00fczeleriyle hedef ald\u0131\u011f\u0131n\u0131 duyurdu.<\/p>\n<p style=\"text-align: justify;\">\u00dc\u00e7\u00fcnc\u00fc bir a\u00e7\u0131klamaya g\u00f6re direni\u015f sava\u015f\u00e7\u0131lar\u0131, El Marc b\u00f6lgesi civar\u0131ndaki d\u00fc\u015fman g\u00fc\u00e7lerinden olu\u015fan bir toplulu\u011fu da sabaha kar\u015f\u0131 bire \u00e7eyrek kala f\u00fczeleriyle bombalad\u0131.<\/p>\n<p style=\"text-align: justify;\">Direni\u015f sava\u015f\u00e7\u0131lar\u0131 sabah saat be\u015fte Di\u015fun ve Daltun&#8217;daki iki \u0130srail d\u00fc\u015fman top\u00e7u mevzisini f\u00fcze rampalar\u0131yla hedef alan iki operasyon ger\u00e7ekle\u015ftirdi.<\/p>\n<p style=\"text-align: justify;\">Direni\u015f ayr\u0131ca \u0130srail d\u00fc\u015fman g\u00fc\u00e7lerinin Yaruun yerle\u015fimi civar\u0131nda toplanmas\u0131n\u0131 da f\u00fczeyle hedef ald\u0131.<\/p>\n<p style=\"text-align: justify;\">L\u00fcbnan direni\u015fi, Tel Aviv&#8217;in eteklerinde bulunan Askeri \u0130stihbarat Birimi 8200&#8217;\u00fcn Glilot \u00fcss\u00fcn\u00fc f\u00fczelerle hedef ald\u0131.<\/p>\n<p style=\"text-align: justify;\">L\u00fcbnan Ulusal Direni\u015fi, L\u00fcbnan&#8217;\u0131 ve onun gururlu, mazlum halk\u0131n\u0131 savunmaya haz\u0131r kalaca\u011f\u0131n\u0131, d\u00fc\u015fman\u0131 kibir ve sald\u0131rganl\u0131\u011f\u0131ndan cayd\u0131rma g\u00f6revini yerine getirmekten \u00e7ekinmeyece\u011fini teyit etti.<\/p>\n<p style=\"text-align: center;\"><strong><a href=\"https:\/\/t.me\/SuriyeArapHaberAjansI\">Telegram Kanal\u0131m\u0131z\u00a0<\/a>||<a href=\"https:\/\/twitter.com\/arap_ajans\">X Platformumuz\u00a0<\/a>||<a href=\"https:\/\/www.facebook.com\/SANAHaberAjansi\/\">Facebook Sayfam\u0131z<\/a><\/strong><\/p>\n","protected":false},"excerpt":{"rendered":"<p>BEYRUT (SANA) \u2013 \u0130srail varl\u0131\u011f\u0131n\u0131n L\u00fcbnan k\u00f6y ve kasabalar\u0131n\u0131n yan\u0131 s\u0131ra Gazze \u015eeridi\u2019nde de devam eden fa\u015fist sald\u0131rganl\u0131\u011f\u0131na yan\u0131t olarak L\u00fcbnan Ulusal Direni\u015fi, bug\u00fcn \u015fafak vaktinden bu yana d\u00fc\u015fman g\u00fc\u00e7lerinin mevzilerine kar\u015f\u0131 bir\u00e7ok operasyon ger\u00e7ekle\u015ftirdi. Direni\u015fin ilk a\u00e7\u0131klamas\u0131nda \u015fu ifadelere yer verildi: \u201cGazze \u015eeridi\u2019ndeki kararl\u0131 Filistin halk\u0131m\u0131za, onlar\u0131n yi\u011fit direni\u015fine destek ve L\u00fcbnan\u2019\u0131 ve halk\u0131n\u0131 &hellip;<\/p>\n","protected":false},"author":39,"featured_media":309776,"comment_status":"closed","ping_status":"closed","sticky":false,"template":"","format":"standard","meta":{"footnotes":""},"categories":[458,589,459,17988],"tags":[],"class_list":["post-309775","post","type-post","status-publish","format-standard","has-post-thumbnail","","category-dunya1","category-haber-seridi","category-haberler-arap-uluslararasi-politika","category-son-haberler"],"_links":{"self":[{"href":"https:\/\/archive.sana.sy\/tr\/index.php?rest_route=\/wp\/v2\/posts\/309775","targetHints":{"allow":["GET"]}}],"collection":[{"href":"https:\/\/archive.sana.sy\/tr\/index.php?rest_route=\/wp\/v2\/posts"}],"about":[{"href":"https:\/\/archive.sana.sy\/tr\/index.php?rest_route=\/wp\/v2\/types\/post"}],"author":[{"embeddable":true,"href":"https:\/\/archive.sana.sy\/tr\/index.php?rest_route=\/wp\/v2\/users\/39"}],"replies":[{"embeddable":true,"href":"https:\/\/archive.sana.sy\/tr\/index.php?rest_route=%2Fwp%2Fv2%2Fcomments&post=309775"}],"version-history":[{"count":5,"href":"https:\/\/archive.sana.sy\/tr\/index.php?rest_route=\/wp\/v2\/posts\/309775\/revisions"}],"predecessor-version":[{"id":309781,"href":"https:\/\/archive.sana.sy\/tr\/index.php?rest_route=\/wp\/v2\/posts\/309775\/revisions\/309781"}],"wp:featuredmedia":[{"embeddable":true,"href":"https:\/\/archive.sana.sy\/tr\/index.php?rest_route=\/wp\/v2\/media\/309776"}],"wp:attachment":[{"href":"https:\/\/archive.sana.sy\/tr\/index.php?rest_route=%2Fwp%2Fv2%2Fmedia&parent=309775"}],"wp:term":[{"taxonomy":"category","embeddable":true,"href":"https:\/\/archive.sana.sy\/tr\/index.php?rest_route=%2Fwp%2Fv2%2Fcategories&post=309775"},{"taxonomy":"post_tag","embeddable":true,"href":"https:\/\/archive.sana.sy\/tr\/index.php?rest_route=%2Fwp%2Fv2%2Ftags&post=309775"}],"curies":[{"name":"wp","href":"https:\/\/api.w.org\/{rel}","templated":true}]}}