{"id":309783,"date":"2024-10-08T11:50:57","date_gmt":"2024-10-08T08:50:57","guid":{"rendered":"https:\/\/sana.sy\/tr\/?p=309783"},"modified":"2024-10-08T15:14:32","modified_gmt":"2024-10-08T12:14:32","slug":"disisleri-ve-gurbetciler-bakani-birlesmis-milletler-multeciler-yuksek-komiseri-filippo-grandi-ile-gorustu","status":"publish","type":"post","link":"https:\/\/archive.sana.sy\/tr\/?p=309783","title":{"rendered":"D\u0131\u015fi\u015fleri Ve Gurbet\u00e7iler Bakan\u0131, Birle\u015fmi\u015f Milletler M\u00fclteciler Y\u00fcksek Komiseri Filippo Grandi \u0130le G\u00f6r\u00fc\u015ft\u00fc"},"content":{"rendered":"<p><strong>\u015eAM (SANA) \u2013<\/strong> D\u0131\u015fi\u015fleri ve Gurbet\u00e7iler Bakan\u0131 Bassam Sabba\u011f, bu sabah Bakanl\u0131\u011f\u0131n \u015eam&#8217;daki genel merkezinde Birle\u015fmi\u015f Milletler M\u00fclteciler Y\u00fcksek Komiseri Filippo Grandi ile bir araya geldi.<\/p>\n<p>Grandi d\u00fcn, Cdeyidet Yabus s\u0131n\u0131r kap\u0131s\u0131n\u0131 ziyaret ederek, L\u00fcbnan&#8217;dan Suriye&#8217;ye gelenlere sa\u011flanan kolayl\u0131klar\u0131 ve yard\u0131mlar\u0131 incelemi\u015fti.<\/p>\n<p style=\"text-align: center;\"><strong><a href=\"https:\/\/t.me\/SuriyeArapHaberAjansI\">Telegram Kanal\u0131m\u0131z\u00a0<\/a>||<a href=\"https:\/\/twitter.com\/arap_ajans\">X Platformumuz\u00a0<\/a>||<a href=\"https:\/\/www.facebook.com\/SANAHaberAjansi\/\">Facebook Sayfam\u0131z<\/a><\/strong><\/p>\n","protected":false},"excerpt":{"rendered":"<p>\u015eAM (SANA) \u2013 D\u0131\u015fi\u015fleri ve Gurbet\u00e7iler Bakan\u0131 Bassam Sabba\u011f, bu sabah Bakanl\u0131\u011f\u0131n \u015eam&#8217;daki genel merkezinde Birle\u015fmi\u015f Milletler M\u00fclteciler Y\u00fcksek Komiseri Filippo Grandi ile bir araya geldi. Grandi d\u00fcn, Cdeyidet Yabus s\u0131n\u0131r kap\u0131s\u0131n\u0131 ziyaret ederek, L\u00fcbnan&#8217;dan Suriye&#8217;ye gelenlere sa\u011flanan kolayl\u0131klar\u0131 ve yard\u0131mlar\u0131 incelemi\u015fti. Telegram Kanal\u0131m\u0131z\u00a0||X Platformumuz\u00a0||Facebook Sayfam\u0131z<\/p>\n","protected":false},"author":39,"featured_media":309784,"comment_status":"closed","ping_status":"closed","sticky":false,"template":"","format":"standard","meta":{"footnotes":""},"categories":[458,589,459,17988],"tags":[],"class_list":["post-309783","post","type-post","status-publish","format-standard","has-post-thumbnail","","category-dunya1","category-haber-seridi","category-haberler-arap-uluslararasi-politika","category-son-haberler"],"_links":{"self":[{"href":"https:\/\/archive.sana.sy\/tr\/index.php?rest_route=\/wp\/v2\/posts\/309783","targetHints":{"allow":["GET"]}}],"collection":[{"href":"https:\/\/archive.sana.sy\/tr\/index.php?rest_route=\/wp\/v2\/posts"}],"about":[{"href":"https:\/\/archive.sana.sy\/tr\/index.php?rest_route=\/wp\/v2\/types\/post"}],"author":[{"embeddable":true,"href":"https:\/\/archive.sana.sy\/tr\/index.php?rest_route=\/wp\/v2\/users\/39"}],"replies":[{"embeddable":true,"href":"https:\/\/archive.sana.sy\/tr\/index.php?rest_route=%2Fwp%2Fv2%2Fcomments&post=309783"}],"version-history":[{"count":1,"href":"https:\/\/archive.sana.sy\/tr\/index.php?rest_route=\/wp\/v2\/posts\/309783\/revisions"}],"predecessor-version":[{"id":309785,"href":"https:\/\/archive.sana.sy\/tr\/index.php?rest_route=\/wp\/v2\/posts\/309783\/revisions\/309785"}],"wp:featuredmedia":[{"embeddable":true,"href":"https:\/\/archive.sana.sy\/tr\/index.php?rest_route=\/wp\/v2\/media\/309784"}],"wp:attachment":[{"href":"https:\/\/archive.sana.sy\/tr\/index.php?rest_route=%2Fwp%2Fv2%2Fmedia&parent=309783"}],"wp:term":[{"taxonomy":"category","embeddable":true,"href":"https:\/\/archive.sana.sy\/tr\/index.php?rest_route=%2Fwp%2Fv2%2Fcategories&post=309783"},{"taxonomy":"post_tag","embeddable":true,"href":"https:\/\/archive.sana.sy\/tr\/index.php?rest_route=%2Fwp%2Fv2%2Ftags&post=309783"}],"curies":[{"name":"wp","href":"https:\/\/api.w.org\/{rel}","templated":true}]}}