{"id":309786,"date":"2024-10-08T12:42:37","date_gmt":"2024-10-08T09:42:37","guid":{"rendered":"https:\/\/sana.sy\/tr\/?p=309786"},"modified":"2024-10-09T16:04:34","modified_gmt":"2024-10-09T13:04:34","slug":"cumhurbaskani-esad-cumhurbaskani-saidi-tunus-cumhurbaskanligi-secimlerindeki-zaferinden-dolayi-tebrik-etti","status":"publish","type":"post","link":"https:\/\/archive.sana.sy\/tr\/?p=309786","title":{"rendered":"Cumhurba\u015fkan\u0131 Esad, Cumhurba\u015fkan\u0131 Said&#8217;i Tunus Cumhurba\u015fkanl\u0131\u011f\u0131 Se\u00e7imlerindeki Zaferinden Dolay\u0131 Tebrik Etti"},"content":{"rendered":"<p style=\"text-align: justify;\"><strong>\u015eAM (SANA)<\/strong> &#8211; Cumhurba\u015fkan\u0131 Be\u015f\u015far Esad, Tunus cumhurba\u015fkanl\u0131\u011f\u0131 se\u00e7imlerindeki zaferi nedeniyle Cumhurba\u015fkan\u0131 Kays Said&#8217;i tebrik etti.<\/p>\n<p style=\"text-align: justify;\">Cumhurba\u015fkan\u0131 Esad, Cumhurba\u015fkan\u0131 Said&#8217;e g\u00f6nderdi\u011fi tebrik telgraf\u0131nda \u015funlar\u0131 s\u00f6yledi: &#8221;Karde\u015f Tunus&#8217;u yeni bir a\u015famaya ta\u015f\u0131mak i\u00e7in Tunus halk\u0131n\u0131n \u015fahs\u0131n\u0131za, vizyonunuza ve fikirlerinize olan g\u00fcvenini tazeledi\u011finiz i\u00e7in sizi tebrik ediyorum. \u00a0Bu a\u015faman\u0131n \u00fclkeye daha fazla ilerleme ve kalk\u0131nma getirece\u011fine, huzursuzlu\u011fun kol gezdi\u011fi ve amac\u0131 toplumlar\u0131 yok etmek, zihinleri alt\u00fcst etmek, de\u011fer ve ahlak\u0131 baltalamak olan sapk\u0131n entelekt\u00fcel ak\u0131mlar taraf\u0131ndan s\u00fcp\u00fcr\u00fcld\u00fc\u011f\u00fc bir d\u00fcnyada, halk\u0131n\u0131n ilkelerini muhafaza edece\u011fine, istikrar ve g\u00fcvenli\u011fini koruyaca\u011f\u0131na inan\u0131yoruz.&#8221;<\/p>\n<p style=\"text-align: justify;\">Cumhurba\u015fkan\u0131 Esad ayr\u0131ca, &#8221;E\u011fer Arap \u00fclkelerimizin her biri, halk bilinci ve sorumlu resmi eylem e\u015fli\u011finde toplumlar\u0131n\u0131 g\u00fc\u00e7lendirebilirse, o zaman ger\u00e7ek Arap ba\u011fl\u0131l\u0131\u011f\u0131m\u0131z\u0131 ve kimli\u011fimizi korumak i\u00e7in birlikte \u00e7al\u0131\u015f\u0131rsak ba\u011f\u0131\u015f\u0131kl\u0131k daha g\u00fc\u00e7l\u00fc ve ba\u011f\u0131\u015f\u0131kl\u0131k daha sa\u011flam olacakt\u0131r&#8221; ifadelerini kulland\u0131.<\/p>\n<p style=\"text-align: justify;\">Cumhurba\u015fkan\u0131 Esad telgraf\u0131n\u0131 \u015fu ifadelerle tamamlad\u0131: &#8221;Suriye ve Tunus aras\u0131ndaki karde\u015flik ili\u015fkilerini sa\u011flamla\u015ft\u0131rmak, iki karde\u015f halk aras\u0131ndaki ba\u011flar\u0131 g\u00fc\u00e7lendirmek ve iki halk\u0131n \u00f6zlemlerini kar\u015f\u0131layan ve ortak \u00e7\u0131karlar\u0131n\u0131 ger\u00e7ekle\u015ftiren etkili ve m\u00fcreffeh ikili i\u015fbirli\u011fine geni\u015f bir alan a\u00e7mak i\u00e7in sizinle birlikte \u00e7al\u0131\u015fmaya istekliyiz.&#8221;<\/p>\n<p style=\"text-align: center;\"><strong><a href=\"https:\/\/t.me\/SuriyeArapHaberAjansI\">Telegram Kanal\u0131m\u0131z\u00a0<\/a>||<a href=\"https:\/\/twitter.com\/arap_ajans\">X Platformumuz\u00a0<\/a>||<a href=\"https:\/\/www.facebook.com\/SANAHaberAjansi\/\">Facebook Sayfam\u0131z<\/a><\/strong><\/p>\n","protected":false},"excerpt":{"rendered":"<p>\u015eAM (SANA) &#8211; Cumhurba\u015fkan\u0131 Be\u015f\u015far Esad, Tunus cumhurba\u015fkanl\u0131\u011f\u0131 se\u00e7imlerindeki zaferi nedeniyle Cumhurba\u015fkan\u0131 Kays Said&#8217;i tebrik etti. Cumhurba\u015fkan\u0131 Esad, Cumhurba\u015fkan\u0131 Said&#8217;e g\u00f6nderdi\u011fi tebrik telgraf\u0131nda \u015funlar\u0131 s\u00f6yledi: &#8221;Karde\u015f Tunus&#8217;u yeni bir a\u015famaya ta\u015f\u0131mak i\u00e7in Tunus halk\u0131n\u0131n \u015fahs\u0131n\u0131za, vizyonunuza ve fikirlerinize olan g\u00fcvenini tazeledi\u011finiz i\u00e7in sizi tebrik ediyorum. \u00a0Bu a\u015faman\u0131n \u00fclkeye daha fazla ilerleme ve kalk\u0131nma getirece\u011fine, huzursuzlu\u011fun &hellip;<\/p>\n","protected":false},"author":39,"featured_media":309787,"comment_status":"closed","ping_status":"closed","sticky":false,"template":"","format":"standard","meta":{"footnotes":""},"categories":[606,589,605,17988,613],"tags":[],"class_list":["post-309786","post","type-post","status-publish","format-standard","has-post-thumbnail","","category-cumhurbaskani","category-haber-seridi","category-sayin-cumhurbaskani","category-son-haberler","category-telgraflar"],"_links":{"self":[{"href":"https:\/\/archive.sana.sy\/tr\/index.php?rest_route=\/wp\/v2\/posts\/309786","targetHints":{"allow":["GET"]}}],"collection":[{"href":"https:\/\/archive.sana.sy\/tr\/index.php?rest_route=\/wp\/v2\/posts"}],"about":[{"href":"https:\/\/archive.sana.sy\/tr\/index.php?rest_route=\/wp\/v2\/types\/post"}],"author":[{"embeddable":true,"href":"https:\/\/archive.sana.sy\/tr\/index.php?rest_route=\/wp\/v2\/users\/39"}],"replies":[{"embeddable":true,"href":"https:\/\/archive.sana.sy\/tr\/index.php?rest_route=%2Fwp%2Fv2%2Fcomments&post=309786"}],"version-history":[{"count":1,"href":"https:\/\/archive.sana.sy\/tr\/index.php?rest_route=\/wp\/v2\/posts\/309786\/revisions"}],"predecessor-version":[{"id":309788,"href":"https:\/\/archive.sana.sy\/tr\/index.php?rest_route=\/wp\/v2\/posts\/309786\/revisions\/309788"}],"wp:featuredmedia":[{"embeddable":true,"href":"https:\/\/archive.sana.sy\/tr\/index.php?rest_route=\/wp\/v2\/media\/309787"}],"wp:attachment":[{"href":"https:\/\/archive.sana.sy\/tr\/index.php?rest_route=%2Fwp%2Fv2%2Fmedia&parent=309786"}],"wp:term":[{"taxonomy":"category","embeddable":true,"href":"https:\/\/archive.sana.sy\/tr\/index.php?rest_route=%2Fwp%2Fv2%2Fcategories&post=309786"},{"taxonomy":"post_tag","embeddable":true,"href":"https:\/\/archive.sana.sy\/tr\/index.php?rest_route=%2Fwp%2Fv2%2Ftags&post=309786"}],"curies":[{"name":"wp","href":"https:\/\/api.w.org\/{rel}","templated":true}]}}