{"id":309789,"date":"2024-10-08T15:25:21","date_gmt":"2024-10-08T12:25:21","guid":{"rendered":"https:\/\/sana.sy\/tr\/?p=309789"},"modified":"2024-10-08T15:30:31","modified_gmt":"2024-10-08T12:30:31","slug":"lubnan-ordusu-guclerimiz-ulke-capinda-mevcut-ve-onceligimiz-saldirganliga-karsi-durmaktir","status":"publish","type":"post","link":"https:\/\/archive.sana.sy\/tr\/?p=309789","title":{"rendered":"L\u00fcbnan Ordusu: G\u00fc\u00e7lerimiz \u00dclke \u00c7ap\u0131nda Mevcut Ve \u00d6nceli\u011fimiz Sald\u0131rganl\u0131\u011fa Kar\u015f\u0131 Durmakt\u0131r"},"content":{"rendered":"<p style=\"text-align: justify;\"><strong>BEYRUT (SANA) &#8211;<\/strong> \u00a0L\u00fcbnan Ordusu, g\u00fc\u00e7lerinin \u00fclkenin g\u00fcney s\u0131n\u0131rlar\u0131 da dahil olmak \u00fczere t\u00fcm \u00fclke genelinde konu\u015fland\u0131r\u0131ld\u0131\u011f\u0131n\u0131 ve Ordunun \u00f6nceli\u011finin sald\u0131rganl\u0131\u011f\u0131n kar\u015f\u0131s\u0131nda durup vatanda\u015flara destek vermek oldu\u011funu vurgulad\u0131.<\/p>\n<p style=\"text-align: justify;\">L\u00fcbnan Ordu Komutanl\u0131\u011f\u0131, L\u00fcbnan Ulusal Haber Ajans\u0131&#8217;n\u0131n bug\u00fcn aktard\u0131\u011f\u0131 a\u00e7\u0131klamada \u015funlar\u0131 s\u00f6yledi: \u00a0&#8220;\u0130srailli d\u00fc\u015fman\u0131n L\u00fcbnan&#8217;\u0131n \u00e7e\u015fitli b\u00f6lgelerine y\u00f6nelik barbarca ve giderek artan sald\u0131r\u0131lar\u0131 ve bunun sonucunda ortaya \u00e7\u0131kan \u00f6l\u00fcmler, yaralanmalar ve b\u00fcy\u00fck y\u0131k\u0131mlar \u0131\u015f\u0131\u011f\u0131nda, Ordu Komutanl\u0131\u011f\u0131n\u0131n, L\u00fcbnan Ordusunun g\u00fcney s\u0131n\u0131r\u0131 da dahil olmak \u00fczere t\u00fcm \u00fclke genelinde konu\u015fland\u0131r\u0131ld\u0131\u011f\u0131n\u0131, ulusal sorumluluklar\u0131n\u0131 \u00fcstlendi\u011fini, \u015fehitleri onurland\u0131rd\u0131\u011f\u0131n\u0131 ve mevcut imkanlar dahilinde topra\u011f\u0131 savunmaya haz\u0131r oldu\u011funu belirtmesi \u00f6nemlidir. Bu, L\u00fcbnan&#8217;\u0131 ve askeri kurumu korumak ve 1701 say\u0131l\u0131 Karar ve h\u00fck\u00fcmlerine uymak amac\u0131yla siyasi otoritenin uygun g\u00f6rece\u011fi kararlara ve direktiflerine dayanmaktad\u0131r.\u2019\u2019<\/p>\n<p style=\"text-align: justify;\">A\u00e7\u0131klamada ayr\u0131ca \u015fu ifadelere yer verildi: \u201cBaz\u0131 medya kurulu\u015flar\u0131, dar \u00e7\u0131karlara ve siyasi hedeflere hizmet eden askeri d\u00fczeni ve onun liderli\u011fini hedef alan yalan, iftira ve ihanet kampanyalar\u0131n\u0131 kas\u0131tl\u0131 olarak ba\u015flat\u0131yor. Burada ordu komutanl\u0131\u011f\u0131 tart\u0131\u015fmaya veya ihaleye girmeyece\u011fini ve liderli\u011fin bug\u00fcn \u00f6nceli\u011finin kurumu korumak, b\u00fct\u00fcnl\u00fc\u011f\u00fcn\u00fc s\u00fcrd\u00fcrmek, sald\u0131rganl\u0131\u011f\u0131 durdurmak ve vatanda\u015flar\u0131 desteklemek oldu\u011funu do\u011fruluyor.\u2019\u2019<\/p>\n<p style=\"text-align: center;\"><strong><a href=\"https:\/\/t.me\/SuriyeArapHaberAjansI\">Telegram Kanal\u0131m\u0131z\u00a0<\/a>||<a href=\"https:\/\/twitter.com\/arap_ajans\">X Platformumuz\u00a0<\/a>||<a href=\"https:\/\/www.facebook.com\/SANAHaberAjansi\/\">Facebook Sayfam\u0131z<\/a><\/strong><\/p>\n","protected":false},"excerpt":{"rendered":"<p>BEYRUT (SANA) &#8211; \u00a0L\u00fcbnan Ordusu, g\u00fc\u00e7lerinin \u00fclkenin g\u00fcney s\u0131n\u0131rlar\u0131 da dahil olmak \u00fczere t\u00fcm \u00fclke genelinde konu\u015fland\u0131r\u0131ld\u0131\u011f\u0131n\u0131 ve Ordunun \u00f6nceli\u011finin sald\u0131rganl\u0131\u011f\u0131n kar\u015f\u0131s\u0131nda durup vatanda\u015flara destek vermek oldu\u011funu vurgulad\u0131. L\u00fcbnan Ordu Komutanl\u0131\u011f\u0131, L\u00fcbnan Ulusal Haber Ajans\u0131&#8217;n\u0131n bug\u00fcn aktard\u0131\u011f\u0131 a\u00e7\u0131klamada \u015funlar\u0131 s\u00f6yledi: \u00a0&#8220;\u0130srailli d\u00fc\u015fman\u0131n L\u00fcbnan&#8217;\u0131n \u00e7e\u015fitli b\u00f6lgelerine y\u00f6nelik barbarca ve giderek artan sald\u0131r\u0131lar\u0131 ve bunun sonucunda ortaya &hellip;<\/p>\n","protected":false},"author":41,"featured_media":309792,"comment_status":"closed","ping_status":"closed","sticky":false,"template":"","format":"standard","meta":{"footnotes":""},"categories":[458,589,459,17988],"tags":[42603],"class_list":["post-309789","post","type-post","status-publish","format-standard","has-post-thumbnail","","category-dunya1","category-haber-seridi","category-haberler-arap-uluslararasi-politika","category-son-haberler","tag-lubnan-ordusu-guclerimiz-ulke-capinda-mevcut-ve-onceligimiz-saldirganliga-karsi-durmaktir"],"_links":{"self":[{"href":"https:\/\/archive.sana.sy\/tr\/index.php?rest_route=\/wp\/v2\/posts\/309789","targetHints":{"allow":["GET"]}}],"collection":[{"href":"https:\/\/archive.sana.sy\/tr\/index.php?rest_route=\/wp\/v2\/posts"}],"about":[{"href":"https:\/\/archive.sana.sy\/tr\/index.php?rest_route=\/wp\/v2\/types\/post"}],"author":[{"embeddable":true,"href":"https:\/\/archive.sana.sy\/tr\/index.php?rest_route=\/wp\/v2\/users\/41"}],"replies":[{"embeddable":true,"href":"https:\/\/archive.sana.sy\/tr\/index.php?rest_route=%2Fwp%2Fv2%2Fcomments&post=309789"}],"version-history":[{"count":2,"href":"https:\/\/archive.sana.sy\/tr\/index.php?rest_route=\/wp\/v2\/posts\/309789\/revisions"}],"predecessor-version":[{"id":309793,"href":"https:\/\/archive.sana.sy\/tr\/index.php?rest_route=\/wp\/v2\/posts\/309789\/revisions\/309793"}],"wp:featuredmedia":[{"embeddable":true,"href":"https:\/\/archive.sana.sy\/tr\/index.php?rest_route=\/wp\/v2\/media\/309792"}],"wp:attachment":[{"href":"https:\/\/archive.sana.sy\/tr\/index.php?rest_route=%2Fwp%2Fv2%2Fmedia&parent=309789"}],"wp:term":[{"taxonomy":"category","embeddable":true,"href":"https:\/\/archive.sana.sy\/tr\/index.php?rest_route=%2Fwp%2Fv2%2Fcategories&post=309789"},{"taxonomy":"post_tag","embeddable":true,"href":"https:\/\/archive.sana.sy\/tr\/index.php?rest_route=%2Fwp%2Fv2%2Ftags&post=309789"}],"curies":[{"name":"wp","href":"https:\/\/api.w.org\/{rel}","templated":true}]}}