{"id":309797,"date":"2024-10-08T10:00:30","date_gmt":"2024-10-08T07:00:30","guid":{"rendered":"https:\/\/sana.sy\/tr\/?p=309797"},"modified":"2024-10-08T16:01:00","modified_gmt":"2024-10-08T13:01:00","slug":"gazze-seridinde-soykirim-savasinin-baslamasindan-bu-yana-41-965-sehit","status":"publish","type":"post","link":"https:\/\/archive.sana.sy\/tr\/?p=309797","title":{"rendered":"Gazze \u015eeridi&#8217;nde Soyk\u0131r\u0131m Sava\u015f\u0131n\u0131n Ba\u015flamas\u0131ndan Bu Yana 41.965 \u015eehit"},"content":{"rendered":"<p style=\"text-align: justify;\"><strong>\u0130\u015eGAL ED\u0130LEN KUD\u00dcS (SANA)<\/strong> &#8211; \u00a0Filistin Sa\u011fl\u0131k Bakanl\u0131\u011f\u0131, i\u015fgalci\u00a0 \u0130srail\u2019in Gazze \u015eeridi&#8217;nde son 24 saatte 8 katliam ger\u00e7ekle\u015ftirdi\u011fini, 56 \u015fehit ve 278 yaral\u0131n\u0131n kald\u0131\u011f\u0131n\u0131 a\u00e7\u0131klad\u0131.<\/p>\n<p style=\"text-align: justify;\">Bakanl\u0131k bug\u00fcn yapt\u0131\u011f\u0131 a\u00e7\u0131klamada \u015funlar\u0131 s\u00f6yledi: \u2018\u2019Gazze \u015eeridi&#8217;nde 368&#8217;inci g\u00fcn\u00fcnde devam eden i\u015fgal sald\u0131r\u0131s\u0131nda \u00f6a\u011fdurlar\u0131n say\u0131s\u0131 41 bin 965 \u015fehit ve 97 bin 590 yaral\u0131ya y\u00fckseldi. \u00c7ok say\u0131da ma\u011fdur halen enkaz alt\u0131nda ve yollardayken, ambulans ve sivil savunma ekipleri onlara ula\u015fam\u0131yor.\u2019\u2019<\/p>\n<p style=\"text-align: center;\"><strong><a href=\"https:\/\/t.me\/SuriyeArapHaberAjansI\">Telegram Kanal\u0131m\u0131z\u00a0<\/a>||<a href=\"https:\/\/twitter.com\/arap_ajans\">X Platformumuz\u00a0<\/a>||<a href=\"https:\/\/www.facebook.com\/SANAHaberAjansi\/\">Facebook Sayfam\u0131z<\/a><\/strong><\/p>\n","protected":false},"excerpt":{"rendered":"<p>\u0130\u015eGAL ED\u0130LEN KUD\u00dcS (SANA) &#8211; \u00a0Filistin Sa\u011fl\u0131k Bakanl\u0131\u011f\u0131, i\u015fgalci\u00a0 \u0130srail\u2019in Gazze \u015eeridi&#8217;nde son 24 saatte 8 katliam ger\u00e7ekle\u015ftirdi\u011fini, 56 \u015fehit ve 278 yaral\u0131n\u0131n kald\u0131\u011f\u0131n\u0131 a\u00e7\u0131klad\u0131. Bakanl\u0131k bug\u00fcn yapt\u0131\u011f\u0131 a\u00e7\u0131klamada \u015funlar\u0131 s\u00f6yledi: \u2018\u2019Gazze \u015eeridi&#8217;nde 368&#8217;inci g\u00fcn\u00fcnde devam eden i\u015fgal sald\u0131r\u0131s\u0131nda \u00f6a\u011fdurlar\u0131n say\u0131s\u0131 41 bin 965 \u015fehit ve 97 bin 590 yaral\u0131ya y\u00fckseldi. \u00c7ok say\u0131da ma\u011fdur halen &hellip;<\/p>\n","protected":false},"author":41,"featured_media":309798,"comment_status":"closed","ping_status":"closed","sticky":false,"template":"","format":"standard","meta":{"footnotes":""},"categories":[458,589,459,17988],"tags":[42605],"class_list":["post-309797","post","type-post","status-publish","format-standard","has-post-thumbnail","","category-dunya1","category-haber-seridi","category-haberler-arap-uluslararasi-politika","category-son-haberler","tag-gazze-seridinde-soykirim-savasinin-baslamasindan-bu-yana-41-965-sehit"],"_links":{"self":[{"href":"https:\/\/archive.sana.sy\/tr\/index.php?rest_route=\/wp\/v2\/posts\/309797","targetHints":{"allow":["GET"]}}],"collection":[{"href":"https:\/\/archive.sana.sy\/tr\/index.php?rest_route=\/wp\/v2\/posts"}],"about":[{"href":"https:\/\/archive.sana.sy\/tr\/index.php?rest_route=\/wp\/v2\/types\/post"}],"author":[{"embeddable":true,"href":"https:\/\/archive.sana.sy\/tr\/index.php?rest_route=\/wp\/v2\/users\/41"}],"replies":[{"embeddable":true,"href":"https:\/\/archive.sana.sy\/tr\/index.php?rest_route=%2Fwp%2Fv2%2Fcomments&post=309797"}],"version-history":[{"count":1,"href":"https:\/\/archive.sana.sy\/tr\/index.php?rest_route=\/wp\/v2\/posts\/309797\/revisions"}],"predecessor-version":[{"id":309799,"href":"https:\/\/archive.sana.sy\/tr\/index.php?rest_route=\/wp\/v2\/posts\/309797\/revisions\/309799"}],"wp:featuredmedia":[{"embeddable":true,"href":"https:\/\/archive.sana.sy\/tr\/index.php?rest_route=\/wp\/v2\/media\/309798"}],"wp:attachment":[{"href":"https:\/\/archive.sana.sy\/tr\/index.php?rest_route=%2Fwp%2Fv2%2Fmedia&parent=309797"}],"wp:term":[{"taxonomy":"category","embeddable":true,"href":"https:\/\/archive.sana.sy\/tr\/index.php?rest_route=%2Fwp%2Fv2%2Fcategories&post=309797"},{"taxonomy":"post_tag","embeddable":true,"href":"https:\/\/archive.sana.sy\/tr\/index.php?rest_route=%2Fwp%2Fv2%2Ftags&post=309797"}],"curies":[{"name":"wp","href":"https:\/\/api.w.org\/{rel}","templated":true}]}}