{"id":309800,"date":"2024-10-08T16:42:06","date_gmt":"2024-10-08T13:42:06","guid":{"rendered":"https:\/\/sana.sy\/tr\/?p=309800"},"modified":"2024-10-08T16:42:06","modified_gmt":"2024-10-08T13:42:06","slug":"ortak-saglik-isbirligini-gelistirmek-icin-suriye-rusya-gorusmeleri","status":"publish","type":"post","link":"https:\/\/archive.sana.sy\/tr\/?p=309800","title":{"rendered":"Ortak Sa\u011fl\u0131k \u0130\u015fbirli\u011fini Geli\u015ftirmek \u0130\u00e7in Suriye-Rusya G\u00f6r\u00fc\u015fmeleri"},"content":{"rendered":"<p style=\"text-align: justify;\"><strong>\u015eAM (SANA) &#8211;<\/strong>\u00a0 Bug\u00fcn Sa\u011fl\u0131k Bakan\u0131 Dr. Ahmed Damiriyeh, Rusya Sa\u011fl\u0131k Bakan Yard\u0131mc\u0131s\u0131 Andrei Plotnitsky ve beraberindeki heyetle ortak sa\u011fl\u0131k i\u015fbirli\u011fini geli\u015ftirmenin yollar\u0131n\u0131 g\u00f6r\u00fc\u015ft\u00fc.<\/p>\n<p style=\"text-align: justify;\">Sa\u011fl\u0131k Bakan\u0131 Dr. Ahmed Damiriyeh, \u0130kinci Rusya-Suriye Sa\u011fl\u0131k Konferans\u0131 &#8220;\u0130bn Sina Y\u00f6ntemleri&#8221; etkinlikleri kapsam\u0131nda ger\u00e7ekle\u015ftirilen g\u00f6r\u00fc\u015fmede, Rusya&#8217;n\u0131n Suriye&#8217;nin stratejik ve sad\u0131k bir orta\u011f\u0131 oldu\u011funu ve olmaya devam etti\u011fini vurgulad\u0131.<\/p>\n<p style=\"text-align: justify;\">Sa\u011fl\u0131k Bakan\u0131, Rusya&#8217;n\u0131n bu alanda geli\u015fmi\u015f \u00fclkelerden biri oldu\u011fu g\u00f6z \u00f6n\u00fcne al\u0131nd\u0131\u011f\u0131nda, ila\u00e7 end\u00fcstrisi alan\u0131nda e\u011fitim kurslar\u0131 d\u00fczenleyerek iki taraf aras\u0131nda deneyim al\u0131\u015fveri\u015finin ve i\u015fbirli\u011fi olas\u0131l\u0131\u011f\u0131n\u0131n \u00f6nemine dikkat \u00e7ekerken, iki halk\u0131n sa\u011fl\u0131\u011f\u0131 yarar\u0131na ili\u015fkilerin geli\u015ftirilmesi i\u00e7in \u00e7al\u0131\u015fman\u0131n \u00f6neminin alt\u0131n\u0131 \u00e7izdi. \u200f<\/p>\n<p style=\"text-align: justify;\">Rusya Sa\u011fl\u0131k Bakan Yard\u0131mc\u0131s\u0131 da sa\u011fl\u0131k sekt\u00f6r\u00fcnde Rusya-Suriye i\u015fbirli\u011finin \u00f6nemini vurgularken, Rusya&#8217;n\u0131n, deneyim al\u0131\u015fveri\u015fine ve s\u00fcrekli t\u0131p e\u011fitimine katk\u0131da bulunan elektronik t\u0131p e\u011fitimini geli\u015ftirmenin yan\u0131 s\u0131ra, e\u011fitim kurslar\u0131 d\u00fczenlemeleri i\u00e7in doktorlar\u0131 kabul etmeye haz\u0131r oldu\u011funu ifade etti.<\/p>\n<p style=\"text-align: center;\"><strong><a href=\"https:\/\/t.me\/SuriyeArapHaberAjansI\">Telegram Kanal\u0131m\u0131z\u00a0<\/a>||<a href=\"https:\/\/twitter.com\/arap_ajans\">X Platformumuz\u00a0<\/a>||<a href=\"https:\/\/www.facebook.com\/SANAHaberAjansi\/\">Facebook Sayfam\u0131z<\/a><\/strong><\/p>\n","protected":false},"excerpt":{"rendered":"<p>\u015eAM (SANA) &#8211;\u00a0 Bug\u00fcn Sa\u011fl\u0131k Bakan\u0131 Dr. Ahmed Damiriyeh, Rusya Sa\u011fl\u0131k Bakan Yard\u0131mc\u0131s\u0131 Andrei Plotnitsky ve beraberindeki heyetle ortak sa\u011fl\u0131k i\u015fbirli\u011fini geli\u015ftirmenin yollar\u0131n\u0131 g\u00f6r\u00fc\u015ft\u00fc. Sa\u011fl\u0131k Bakan\u0131 Dr. Ahmed Damiriyeh, \u0130kinci Rusya-Suriye Sa\u011fl\u0131k Konferans\u0131 &#8220;\u0130bn Sina Y\u00f6ntemleri&#8221; etkinlikleri kapsam\u0131nda ger\u00e7ekle\u015ftirilen g\u00f6r\u00fc\u015fmede, Rusya&#8217;n\u0131n Suriye&#8217;nin stratejik ve sad\u0131k bir orta\u011f\u0131 oldu\u011funu ve olmaya devam etti\u011fini vurgulad\u0131. Sa\u011fl\u0131k Bakan\u0131, &hellip;<\/p>\n","protected":false},"author":41,"featured_media":309801,"comment_status":"closed","ping_status":"closed","sticky":false,"template":"","format":"standard","meta":{"footnotes":""},"categories":[458,589,459,17988],"tags":[42606],"class_list":["post-309800","post","type-post","status-publish","format-standard","has-post-thumbnail","","category-dunya1","category-haber-seridi","category-haberler-arap-uluslararasi-politika","category-son-haberler","tag-ortak-saglik-isbirligini-gelistirmek-icin-suriye-rusya-gorusmeleri"],"_links":{"self":[{"href":"https:\/\/archive.sana.sy\/tr\/index.php?rest_route=\/wp\/v2\/posts\/309800","targetHints":{"allow":["GET"]}}],"collection":[{"href":"https:\/\/archive.sana.sy\/tr\/index.php?rest_route=\/wp\/v2\/posts"}],"about":[{"href":"https:\/\/archive.sana.sy\/tr\/index.php?rest_route=\/wp\/v2\/types\/post"}],"author":[{"embeddable":true,"href":"https:\/\/archive.sana.sy\/tr\/index.php?rest_route=\/wp\/v2\/users\/41"}],"replies":[{"embeddable":true,"href":"https:\/\/archive.sana.sy\/tr\/index.php?rest_route=%2Fwp%2Fv2%2Fcomments&post=309800"}],"version-history":[{"count":1,"href":"https:\/\/archive.sana.sy\/tr\/index.php?rest_route=\/wp\/v2\/posts\/309800\/revisions"}],"predecessor-version":[{"id":309802,"href":"https:\/\/archive.sana.sy\/tr\/index.php?rest_route=\/wp\/v2\/posts\/309800\/revisions\/309802"}],"wp:featuredmedia":[{"embeddable":true,"href":"https:\/\/archive.sana.sy\/tr\/index.php?rest_route=\/wp\/v2\/media\/309801"}],"wp:attachment":[{"href":"https:\/\/archive.sana.sy\/tr\/index.php?rest_route=%2Fwp%2Fv2%2Fmedia&parent=309800"}],"wp:term":[{"taxonomy":"category","embeddable":true,"href":"https:\/\/archive.sana.sy\/tr\/index.php?rest_route=%2Fwp%2Fv2%2Fcategories&post=309800"},{"taxonomy":"post_tag","embeddable":true,"href":"https:\/\/archive.sana.sy\/tr\/index.php?rest_route=%2Fwp%2Fv2%2Ftags&post=309800"}],"curies":[{"name":"wp","href":"https:\/\/api.w.org\/{rel}","templated":true}]}}