{"id":309805,"date":"2024-10-08T17:13:53","date_gmt":"2024-10-08T14:13:53","guid":{"rendered":"https:\/\/sana.sy\/tr\/?p=309805"},"modified":"2024-10-10T17:26:49","modified_gmt":"2024-10-10T14:26:49","slug":"cumhurbaskani-esad-grandiye-suriyenin-lubnandaki-insani-krizle-yuzlesmek-icin-uluslararasi-orgutlerle-isbirligi-yapmaya-hazir-oldugunu-vurguladi","status":"publish","type":"post","link":"https:\/\/archive.sana.sy\/tr\/?p=309805","title":{"rendered":"Cumhurba\u015fkan\u0131 Esad, Grandi&#8217;ye Suriye&#8217;nin L\u00fcbnan&#8217;daki \u0130nsani Krizle Y\u00fczle\u015fmek \u0130\u00e7in Uluslararas\u0131 \u00d6rg\u00fctlerle \u0130\u015fbirli\u011fi Yapmaya Haz\u0131r Oldu\u011funu Vurgulad\u0131"},"content":{"rendered":"<p style=\"text-align: justify;\"><strong>\u015eAM (SANA) &#8211;<\/strong> Cumhurba\u015fkan\u0131 Be\u015f\u015far Esad, Birle\u015fmi\u015f Milletler M\u00fclteciler Y\u00fcksek Komiseri Filippo Grandi ile yapt\u0131\u011f\u0131 g\u00f6r\u00fc\u015fmede, t\u00fcm b\u00f6lgedeki insani durumun ciddiyetini vurgulad\u0131.<\/p>\n<p style=\"text-align: justify;\">Cumhurba\u015fkan\u0131 Esad ayr\u0131ca, Suriye&#8217;nin halihaz\u0131rda kar\u015f\u0131 kar\u015f\u0131ya oldu\u011fu t\u00fcm kar\u015fokl\u0131klara ve zorluklara ra\u011fmen, L\u00fcbnan&#8217;da k\u00f6t\u00fcle\u015fen insani krizle y\u00fczle\u015fmek i\u00e7in Suriye&#8217;nin, ba\u015fta Birle\u015fmi\u015f Milletler M\u00fclteciler Y\u00fcksek Komiserli\u011fi olmak \u00fczere uluslararas\u0131 kurulu\u015flarla i\u015fbirli\u011fi yapmaya haz\u0131r oldu\u011funu kaydetti.<\/p>\n<p style=\"text-align: justify;\">Y\u00fcksek Komiser Grandi ise Suriye h\u00fck\u00fcmetinin yerinden edilmi\u015f ki\u015filerin giri\u015fini kolayla\u015ft\u0131rmak i\u00e7in s\u0131n\u0131r ge\u00e7i\u015flerinde ald\u0131\u011f\u0131 \u00f6nlemleri ve s\u0131n\u0131rda bulunan t\u00fcm uluslararas\u0131 kurulu\u015flarla mevcut koordinasyon ve i\u015fbirli\u011fini \u00f6verek, insani \u00e7abalara mani olabilecek her t\u00fcrl\u00fc engelin a\u015f\u0131lmas\u0131 i\u00e7in bu i\u015fbirli\u011finin devam edece\u011fini vurgulad\u0131.<\/p>\n<div id='gallery-1' class='gallery galleryid-309805 gallery-columns-1 gallery-size-full'><figure class='gallery-item'>\n\t\t\t<div class='gallery-icon landscape'>\n\t\t\t\t<a href='https:\/\/archive.sana.sy\/tr\/?attachment_id=309807'><img loading=\"lazy\" decoding=\"async\" width=\"1280\" height=\"707\" src=\"https:\/\/archive.sana.sy\/tr\/wp-content\/uploads\/2024\/10\/photo_2024-10-08_16-54-59-2.jpg\" class=\"attachment-full size-full\" alt=\"\" srcset=\"https:\/\/archive.sana.sy\/tr\/wp-content\/uploads\/2024\/10\/photo_2024-10-08_16-54-59-2.jpg 1280w, https:\/\/archive.sana.sy\/tr\/wp-content\/uploads\/2024\/10\/photo_2024-10-08_16-54-59-2-300x166.jpg 300w, https:\/\/archive.sana.sy\/tr\/wp-content\/uploads\/2024\/10\/photo_2024-10-08_16-54-59-2-1024x566.jpg 1024w, https:\/\/archive.sana.sy\/tr\/wp-content\/uploads\/2024\/10\/photo_2024-10-08_16-54-59-2-768x424.jpg 768w\" sizes=\"auto, (max-width: 1280px) 100vw, 1280px\" \/><\/a>\n\t\t\t<\/div><\/figure>\n\t\t<\/div>\n\n<p style=\"text-align: center;\"><strong><a href=\"https:\/\/t.me\/SuriyeArapHaberAjansI\">Telegram Kanal\u0131m\u0131z\u00a0<\/a><span style=\"color: #ff0000;\">||<\/span><a href=\"https:\/\/twitter.com\/arap_ajans\">X Platformumuz\u00a0<\/a><span style=\"color: #ff0000;\">||<\/span><a href=\"https:\/\/www.facebook.com\/SANAHaberAjansi\/\">Facebook Sayfam\u0131z<\/a><\/strong><\/p>\n","protected":false},"excerpt":{"rendered":"<p>\u015eAM (SANA) &#8211; Cumhurba\u015fkan\u0131 Be\u015f\u015far Esad, Birle\u015fmi\u015f Milletler M\u00fclteciler Y\u00fcksek Komiseri Filippo Grandi ile yapt\u0131\u011f\u0131 g\u00f6r\u00fc\u015fmede, t\u00fcm b\u00f6lgedeki insani durumun ciddiyetini vurgulad\u0131. Cumhurba\u015fkan\u0131 Esad ayr\u0131ca, Suriye&#8217;nin halihaz\u0131rda kar\u015f\u0131 kar\u015f\u0131ya oldu\u011fu t\u00fcm kar\u015fokl\u0131klara ve zorluklara ra\u011fmen, L\u00fcbnan&#8217;da k\u00f6t\u00fcle\u015fen insani krizle y\u00fczle\u015fmek i\u00e7in Suriye&#8217;nin, ba\u015fta Birle\u015fmi\u015f Milletler M\u00fclteciler Y\u00fcksek Komiserli\u011fi olmak \u00fczere uluslararas\u0131 kurulu\u015flarla i\u015fbirli\u011fi yapmaya haz\u0131r &hellip;<\/p>\n","protected":false},"author":41,"featured_media":309806,"comment_status":"closed","ping_status":"closed","sticky":false,"template":"","format":"standard","meta":{"footnotes":""},"categories":[606,589,479,6459,605,17988,478],"tags":[38219,42607],"class_list":["post-309805","post","type-post","status-publish","format-standard","has-post-thumbnail","","category-cumhurbaskani","category-haber-seridi","category-haberler-yerel","category-sana-fotolarl","category-sayin-cumhurbaskani","category-son-haberler","category-yerel","tag-cumhurbaskani-esad","tag-grandiye-suriyenin-lubnandaki-insani-krizle-yuzlesmek-icin-uluslararasi-orgutlerle-isbirligi-yapmaya-hazir-oldugunu-vurguladi"],"_links":{"self":[{"href":"https:\/\/archive.sana.sy\/tr\/index.php?rest_route=\/wp\/v2\/posts\/309805","targetHints":{"allow":["GET"]}}],"collection":[{"href":"https:\/\/archive.sana.sy\/tr\/index.php?rest_route=\/wp\/v2\/posts"}],"about":[{"href":"https:\/\/archive.sana.sy\/tr\/index.php?rest_route=\/wp\/v2\/types\/post"}],"author":[{"embeddable":true,"href":"https:\/\/archive.sana.sy\/tr\/index.php?rest_route=\/wp\/v2\/users\/41"}],"replies":[{"embeddable":true,"href":"https:\/\/archive.sana.sy\/tr\/index.php?rest_route=%2Fwp%2Fv2%2Fcomments&post=309805"}],"version-history":[{"count":1,"href":"https:\/\/archive.sana.sy\/tr\/index.php?rest_route=\/wp\/v2\/posts\/309805\/revisions"}],"predecessor-version":[{"id":309808,"href":"https:\/\/archive.sana.sy\/tr\/index.php?rest_route=\/wp\/v2\/posts\/309805\/revisions\/309808"}],"wp:featuredmedia":[{"embeddable":true,"href":"https:\/\/archive.sana.sy\/tr\/index.php?rest_route=\/wp\/v2\/media\/309806"}],"wp:attachment":[{"href":"https:\/\/archive.sana.sy\/tr\/index.php?rest_route=%2Fwp%2Fv2%2Fmedia&parent=309805"}],"wp:term":[{"taxonomy":"category","embeddable":true,"href":"https:\/\/archive.sana.sy\/tr\/index.php?rest_route=%2Fwp%2Fv2%2Fcategories&post=309805"},{"taxonomy":"post_tag","embeddable":true,"href":"https:\/\/archive.sana.sy\/tr\/index.php?rest_route=%2Fwp%2Fv2%2Ftags&post=309805"}],"curies":[{"name":"wp","href":"https:\/\/api.w.org\/{rel}","templated":true}]}}